{"id":1394,"date":"2018-05-30T06:41:39","date_gmt":"2018-05-30T06:41:39","guid":{"rendered":"http:\/\/www.slliljegren.se\/?p=1394"},"modified":"2018-05-30T06:50:44","modified_gmt":"2018-05-30T06:50:44","slug":"tack-for-prinsens-plakett","status":"publish","type":"post","link":"https:\/\/www.slliljegren.se\/?p=1394","title":{"rendered":"Tack f\u00f6r Prinsens Plakett!"},"content":{"rendered":"<p>(Tacktal vid utdelningen av Prinsens Plakett den 29 maj 2018)<\/p>\n<p><em>\u201dI v\u00e5ra dr\u00f6mmars stad k\u00e4nner alla m\u00e4nniskor sig verkligen hemma, oavsett om f\u00f6delseorten \u00e4r Stockholm eller Santiago, Danderyd eller Delhi, Botkyrka eller Belgrad, Huddinge eller Helsingfors.<\/em><\/p>\n<p><em> <\/em><\/p>\n<p><em>I v\u00e5ra dr\u00f6mmars stad \u00e4r idrottsr\u00f6relsen en stark, varm och f\u00f6r alla \u00f6ppen folkr\u00f6relse. Genom utbredningen och kraften i v\u00e5r r\u00f6relse sprider sig ocks\u00e5 v\u00e4rmen till alla i samh\u00e4llet utanf\u00f6r.\u201d<\/em><\/p>\n<p><em> <\/em><\/p>\n<p>Ingen formulering har stimulerat mej mer i mitt idrottsledarskap \u00e4n just denna. Den \u00e4r en del av visionen f\u00f6r Stockholms Idrottsf\u00f6rbund, som vi i bred enighet samlade oss omkring 1987 i programmet \u201dV\u00e5r idrott\u201d.<\/p>\n<p>Det var som vice ordf\u00f6rande i Svenska Handbollf\u00f6rbundet och ordf\u00f6rande i Stockholms Idrottsf\u00f6rbund det b\u00f6rjade, och som Bj\u00f6rn Rosengren kort tecknar ned i Bl\u00e5 Boken f\u00f6r i \u00e5r.<\/p>\n<p>Tack f\u00f6r Prinsens Plakett 2017! Att ge den till mej betyder, att den kommer hem till FFF, F\u00f6reningen f\u00f6r F\u00e4ktkonstens Fr\u00e4mjande, som \u00e4r min men ocks\u00e5 var kronprins Gustaf Adolfs egen f\u00f6rening. F\u00f6reningen med det vackraste namnet \u00e4r ocks\u00e5 en av landets i s\u00e4rklass b\u00e4sta f\u00e4ktf\u00f6reningar genom alla tider.<\/p>\n<p>L\u00e5t oss g\u00f6ra n\u00e5gra nedslag i min idrottshistoria. Den som vill l\u00e4sa mer om min syn p\u00e5 svensk idrott kan l\u00e4sa en l\u00e4ngre artikel i Bl\u00e5 Boken f\u00f6r i \u00e5r, d\u00e4r jag fick m\u00f6jlighet att fundera \u00f6ver svensk idrott ig\u00e5r, idag och i framtiden.<\/p>\n<p>Att som relativt ung idrottsledare f\u00e5 f\u00f6rtroendet att i bred enighet leda huvudstadens idrottsr\u00f6relse var ett uppdrag som st\u00e4mde mej till stor \u00f6dmjukhet. N\u00e4r vi genom v\u00e5rt program och genom v\u00e5ra politiska initiativ fick Stockholm att s\u00f6ka OS 2004 var det en seger f\u00f6r sammanh\u00e5llningen i idrotten men ocks\u00e5 f\u00f6r den goda dialogen med ansvariga politiker. Det var den lokala och regionala idrotten som p\u00e5 den tiden tog initiativet. Det fanns ett tryggt och samlande politiskt ledarskap i staden.<\/p>\n<p>Den kampanjen gav idrotten i Stockholm m\u00e5nga v\u00e4lbeh\u00f6vliga miljoner i nybyggnad och upprustning av idrottsanl\u00e4ggningar.<\/p>\n<p>Fr\u00e4lst f\u00f6r idrotten blev jag tidigt. Det skedde i hemstaden Eskilstuna. Min stolthet och gl\u00e4dje k\u00e4nde inga gr\u00e4nser, n\u00e4r jag p\u00e5 v\u00e5ren 1966 fick ta emot Centralf\u00f6reningens idrottssk\u00f6ld. V\u00e5r gympal\u00e4rare, Anders Stenqvist, kapar \u00b4n kallad, tyckte det var naturligt att lagkaptenen i skolans handbolls-, fotbolls- och bandylag fick den. Att H\u00f6gre Allm\u00e4nna L\u00e4roverket i Eskilstuna ocks\u00e5 vann skol-SM i handboll det \u00e5ret gjorde det extra roligt. L\u00e5t mej ocks\u00e5, n\u00e4r jag har ordet, tacka f\u00f6r idrottsk\u00f6lden s\u00e5 h\u00e4r 52 \u00e5r efter\u00e5t. Jag tror inte att ni som delar ut den riktigt f\u00f6rst\u00e5r vilken inspiration den kan vara. S\u00e5 var det f\u00f6r mej.<\/p>\n<p>Idrottens gl\u00e4dje och m\u00f6jligheter kan ta sig m\u00e5nga uttryck.<\/p>\n<p>Historien b\u00f6rjar hemma i v\u00e5rt k\u00f6k f\u00f6r ungef\u00e4r 20 \u00e5r sedan. Klockan \u00e4r halv tv\u00e5 p\u00e5 natten mellan l\u00f6rdag och s\u00f6ndag. Min fru och jag sitter och syr p\u00e5 paljetter p\u00e5 en liten r\u00f6d s\u00f6t kl\u00e4nning. Morgonen d\u00e4rp\u00e5 ska Louise, v\u00e5r tredje dotter av fyra, g\u00f6ra debut i en konst\u00e5kningst\u00e4vling.<\/p>\n<p>S\u00e5 st\u00e5r hon d\u00e4r, ungef\u00e4r som tjuren Ferdinand, n\u00e4r han ska g\u00f6ra entr\u00e9 p\u00e5 arenan, tvekande, undrande, ja rentav r\u00e4dd. Det som fick ut Ferdinand i mittcirkeln var matadorens blombukett. Det som fick ut Louise var ledmotivet i Gudfadern, detta fantastiska stycke av Nino Rota. Till det hade hon tr\u00e4nat. Till det skulle hon t\u00e4vla. Och nu blev det fart p\u00e5 paljetter och piruetter. Jag hade t\u00e4nkt nynna, eller kanske sjunga, den fina signaturmelodin, men efter Bj\u00f6rn Rosengrens italienska s\u00e5ng och vackra tenorst\u00e4mma avst\u00e5r jag.<\/p>\n<p>Hon lyckades fantastiskt. Och vi kramade om varandra extra mycket alla tre. Det fanns anledning till det.<\/p>\n<p>Egentligen skulle vi inte ha varit d\u00e4r med Louise, om prognoserna hade blivit verklighet. Hon h\u00f6ll p\u00e5 att d\u00f6 ifr\u00e5n oss n\u00e4r hon f\u00f6ddes. Vi vakade dag och natt i drygt ett halv\u00e5r.<\/p>\n<p>Just d\u00e5 den d\u00e4r morgonen i ishallen var idrottens betydelse f\u00f6r gl\u00e4dje och sj\u00e4lvf\u00f6rtroende tydligare \u00e4n n\u00e5gonsin.<\/p>\n<p>S\u00e5 kan vi ta idrotten till v\u00e5rt hj\u00e4rta och gl\u00e4djas, n\u00e4r den beh\u00f6vs som b\u00e4st.<\/p>\n<p>Och s\u00e5 kan vi h\u00e5lla p\u00e5 som aktiva l\u00e5ngt upp i \u00e5ren. Sj\u00e4lv spelade jag handboll i Djurg\u00e5rdens veteranlag upp till sextio\u00e5rs\u00e5ldern. D\u00e5 bl\u00e5ste domaren en g\u00e5ng av f\u00f6r passivt spel n\u00e4r vi kontrade.<\/p>\n<p>Mitt nedslag i Riksidrottsstyrelsen under tolv \u00e5r handlar om det idrottspolitiska arbete vi bedrev. I bred enighet antog vi n\u00e5got vi kallade idrottspolitiskt manifest vid v\u00e5ra Riksidrottsm\u00f6ten. D\u00e4rmed var sakfr\u00e5gorna f\u00f6rankrade, engagemanget startat. Tanken p\u00e5 att staten inte skulle \u00f6ka anslaget till idrotten under ett antal \u00e5r fanns inte. Och att under \u00e5tta \u00e5r minska anslaget, som skedde 2008 \u2013 2016 hade varit om\u00f6jligt p\u00e5 den tiden.<\/p>\n<p>Under den h\u00e4r tiden var jag ocks\u00e5 ordf\u00f6rande i Bos\u00f6styrelsen. Under devisen \u201dAllt f\u00f6r n\u00e5gra, n\u00e5got f\u00f6r alla\u201d, byggde vi ut Bos\u00f6n. Olyckskorparna kraxade, och de som ville \u00f6ka centrifugalkrafterna i svensk idrott protesterade. Men samlingen och enigheten blev stor vid de avg\u00f6rande momenten.<\/p>\n<p>Till sist n\u00e5gra ord om f\u00e4ktningen.<\/p>\n<p>Listan \u00f6ver ordf\u00f6randen i f\u00f6rbundet sedan 1904 var n\u00e5got att h\u00f6ja p\u00e5 \u00f6gonbrynen f\u00f6r. Den hade stora likheter med adelskalendern och f\u00f6rsvarets rulla, avsnittet h\u00f6gre officerare. Men innerst inne trodde jag nog, eller r\u00e4ttare sagt visste, att jag skulle klara av att sk\u00f6ta mej ocks\u00e5 i de finare salongerna, n\u00e4r jag fick fr\u00e5gan om jag ville bli ordf\u00f6rande 2001.<\/p>\n<p>Jag ber\u00e4ttade f\u00f6r valberedningens ordf\u00f6rande, att jag inte kunde f\u00e4kta. Han tr\u00f6stade mig med att andra kunde det. Och d\u00e4rmed blev jag lugnad. Det var inte f\u00e4ktkunskap man letade efter.<\/p>\n<p>Vilken fantastisk utmaning att f\u00e5 bli ordf\u00f6rande i detta f\u00f6rbund, ansvarig f\u00f6r en olympisk idrott med s\u00e5 klassiska traditioner!\u00a0<em>\u201dDe tre musket\u00f6rerna sparkade inte boll<\/em>\u201d, kunde jag, inte utan stolthet, s\u00e4ga till de handbolls- och fotbollsv\u00e4nner som fr\u00e5gade varf\u00f6r jag hoppade p\u00e5 ett s\u00e5 f\u00f6r mej fr\u00e4mmande uppdrag.<\/p>\n<p>Svensk f\u00e4ktning har utvecklats bra under senare \u00e5r.Om svensk idrott hade \u00f6kat barn- och ungdomsaktiviteten som svensk f\u00e4ktning under de senaste sex \u00e5ren skulle antalet deltagartillf\u00e4llen nu vara 70 miljoner ist\u00e4llet f\u00f6r 60 miljoner i j\u00e4mf\u00f6rbara \u00e5ldersgrupper.<\/p>\n<p>F\u00f6rklaringarna till den goda utvecklingen \u00e4r flera. F\u00f6reningarna fick r\u00f6str\u00e4tt vid \u00e5rsm\u00f6ten. Vi startade strategiarbeten och formade v\u00e5ra program \u201dF\u00e4ktningen inf\u00f6r framtiden.\u201d<\/p>\n<p>Vi best\u00e4mde m\u00e5len f\u00f6r v\u00e5ra nyckeltal. \u201d<em>Det som m\u00e4ts blir gjort\u201d<\/em>, sa vi. Och s\u00e5 blev det. Dj\u00e4vulen sitter i detaljerna. Ett f\u00f6rbund beh\u00f6ver b\u00e5de visioner och m\u00e5l men ocks\u00e5 ett envist rotande i siffror och detaljer och uppmuntran till dem som g\u00f6r ocks\u00e5 de m\u00e5len till verklighet.<\/p>\n<p>Vi fick ocks\u00e5 styrelser, som hade ambitionen att leda f\u00f6rbundet. En n\u00e4st intill revolution\u00e4r inst\u00e4llning i b\u00f6rjan av 2000-talet. Det gav, tillsammans med programarbetet, mindre utrymme f\u00f6r enskilda personer, starka och kunniga p\u00e5 sitt omr\u00e5de, att driva egna privata linjer. Herrarnas och damernas fria \u00e5kning \u00e4r en gren inom konst\u00e5kningen, inget som ska pr\u00e4gla det goda f\u00f6rbundet.<\/p>\n<p>Konfliktr\u00e4dsla var ingen bra egenskap f\u00f6r en ordf\u00f6rande i F\u00e4ktf\u00f6rbundet. Jag led inte av s\u00e5dan p\u00e5 den tiden heller.<\/p>\n<p>Till sist mina goda r\u00e5d efter alla \u00e5r:<\/p>\n<p>1. H\u00e5ll m\u00e5len levande!<\/p>\n<p>2. Var noga med och f\u00f6lj nyckeltal, siffror och detaljer!<\/p>\n<p>3. V\u00e5ga ta strid f\u00f6r det du har f\u00e5tt mandat att genomf\u00f6ra!<\/p>\n<p>4. V\u00e5ga ta uppgiften, men inte dej sj\u00e4lv, p\u00e5 blodigt allvar!<\/p>\n<p>5. Skratta ofta, inte s\u00e4llan \u00e5t dej sj\u00e4lv!<\/p>\n<p>\u00c4nnu en g\u00e5ng tack f\u00f6r den fina utm\u00e4rkelsen!<\/p>\n<p><em> <\/em><\/p>\n","protected":false},"excerpt":{"rendered":"<p>(Tacktal vid utdelningen av Prinsens Plakett den 29 maj 2018) \u201dI v\u00e5ra dr\u00f6mmars stad k\u00e4nner alla m\u00e4nniskor sig verkligen hemma, oavsett om f\u00f6delseorten \u00e4r Stockholm eller Santiago, Danderyd eller Delhi, Botkyrka eller Belgrad, Huddinge eller Helsingfors. I v\u00e5ra dr\u00f6mmars stad &hellip; <a href=\"https:\/\/www.slliljegren.se\/?p=1394\">Forts\u00e4tt l\u00e4sa <span class=\"meta-nav\">&rarr;<\/span><\/a><\/p>\n","protected":false},"author":1,"featured_media":0,"comment_status":"open","ping_status":"open","sticky":false,"template":"","format":"standard","meta":{"footnotes":""},"categories":[8],"tags":[],"class_list":["post-1394","post","type-post","status-publish","format-standard","hentry","category-liljegren-om-idrott"],"_links":{"self":[{"href":"https:\/\/www.slliljegren.se\/index.php?rest_route=\/wp\/v2\/posts\/1394","targetHints":{"allow":["GET"]}}],"collection":[{"href":"https:\/\/www.slliljegren.se\/index.php?rest_route=\/wp\/v2\/posts"}],"about":[{"href":"https:\/\/www.slliljegren.se\/index.php?rest_route=\/wp\/v2\/types\/post"}],"author":[{"embeddable":true,"href":"https:\/\/www.slliljegren.se\/index.php?rest_route=\/wp\/v2\/users\/1"}],"replies":[{"embeddable":true,"href":"https:\/\/www.slliljegren.se\/index.php?rest_route=%2Fwp%2Fv2%2Fcomments&post=1394"}],"version-history":[{"count":9,"href":"https:\/\/www.slliljegren.se\/index.php?rest_route=\/wp\/v2\/posts\/1394\/revisions"}],"predecessor-version":[{"id":1403,"href":"https:\/\/www.slliljegren.se\/index.php?rest_route=\/wp\/v2\/posts\/1394\/revisions\/1403"}],"wp:attachment":[{"href":"https:\/\/www.slliljegren.se\/index.php?rest_route=%2Fwp%2Fv2%2Fmedia&parent=1394"}],"wp:term":[{"taxonomy":"category","embeddable":true,"href":"https:\/\/www.slliljegren.se\/index.php?rest_route=%2Fwp%2Fv2%2Fcategories&post=1394"},{"taxonomy":"post_tag","embeddable":true,"href":"https:\/\/www.slliljegren.se\/index.php?rest_route=%2Fwp%2Fv2%2Ftags&post=1394"}],"curies":[{"name":"wp","href":"https:\/\/api.w.org\/{rel}","templated":true}]}}