{"id":1443,"date":"2018-10-11T15:45:14","date_gmt":"2018-10-11T15:45:14","guid":{"rendered":"http:\/\/www.slliljegren.se\/?p=1443"},"modified":"2018-10-11T15:45:14","modified_gmt":"2018-10-11T15:45:14","slug":"os-till-sverige-%e2%80%93-samling-kring-ett-fantastiskt-aventyr","status":"publish","type":"post","link":"https:\/\/www.slliljegren.se\/?p=1443","title":{"rendered":"OS till Sverige \u2013 samling kring ett fantastiskt \u00e4ventyr!"},"content":{"rendered":"<div class=\"img alignright size-medium wp-image-1446\" style=\"width:281px;\">\n\t<a href=\"https:\/\/www.slliljegren.se\/wp-content\/uploads\/2018\/10\/IMG_34991.jpg\"><img loading=\"lazy\" decoding=\"async\" src=\"https:\/\/www.slliljegren.se\/wp-content\/uploads\/2018\/10\/IMG_34991-281x300.jpg\" alt=\"\" width=\"281\" height=\"300\" \/><\/a>\n\t<div>Osams i Sverige 1992<\/div>\n<\/div><em>\u201dSverige och Stockholm kandidat till OS och Paralympics 2026!<\/em><\/p>\n<p><em> <\/em><\/p>\n<p><em>Internationella Olympiska kommitt\u00e9n (IOK) r\u00f6stade p\u00e5 tisdagen fram Sverige och Stockholm som en av tre kandidater till v\u00e4rdskapet f\u00f6r vinter-OS och Paralympics 2026. Det koncept som har f\u00e5tt IOK:s gillande inbegriper Stockholm som huvudort samt \u00c5re, Falun och Sigulda i Lettland\u201d<\/em><\/p>\n<p><em> <\/em><\/p>\n<p>Detta gl\u00e4djande besked n\u00e5dde oss fr\u00e5n Buenos Aires f\u00f6r tv\u00e5 dagar sedan. Nu finns en chans som kanske aldrig \u00e5terkommer. L\u00e5t oss arbeta f\u00f6r spelen och gl\u00e4dja oss \u00e5t m\u00f6jligheten tillsammans!<\/p>\n<p>Men gl\u00e4djen blir ofta kortvarig. Massmedia orkar inte, eller kan inte, prestera fakta och siffror. I tidningar, radio och TV fick vi nu snabbt ist\u00e4llet l\u00e4sa, h\u00f6ra och se tyckanden fr\u00e5n sj\u00e4lvutn\u00e4mnda f\u00f6rst\u00e5sigp\u00e5are.<\/p>\n<p>TV-Aktuellt f\u00f6rs\u00f6kte \u00e4nd\u00e5 g\u00f6ra n\u00e5got. Men t\u00e4nk s\u00e5 fel det blev, \u00e4ven om det b\u00f6rjade bra. I rutan fanns en idrottsledare, S\u00f6dert\u00e4lje SK:s klubbdirekt\u00f6r Mats Pernhem, som s\u00e5g fram emot att staden S\u00f6dert\u00e4lje och hockeyn i v\u00e5rt land skulle \u201ds\u00e4ttas i fokus.\u201d<\/p>\n<p>Men sedan k\u00f6rde Aktuellt rakt in i v\u00e4ggen. Det var tydligt att okunskapen om sakfr\u00e5gan endast \u00f6vertr\u00e4ffades av oviljan att l\u00e4ra sig n\u00e5got. Ist\u00e4llet var det enklare att l\u00e4mna \u00f6ver mikrofonen till en professor i turism vid G\u00f6teborgs universitet. Tommy D. Andersson heter han. Han b\u00f6rjade prata om de ekonomiska f\u00f6rlusterna vid sommar-OS 1976, f\u00f6r 42 \u00e5r sedan!<\/p>\n<p>Det \u00e4r ocks\u00e5 l\u00e4tt att g\u00e5 ut p\u00e5 sta\u00b4n och s\u00e4tta en mikrofon under n\u00e4san p\u00e5 m\u00e4nniskor, som inte har haft en chans att tr\u00e4nga in i sakfr\u00e5gan. Det \u00e4r sv\u00e5rare att s\u00e4tta ihop de siffror och fakta som \u00e4r n\u00f6dv\u00e4ndiga, och de b\u00e4sta f\u00f6r stunden, f\u00f6r att n\u00e5gon d\u00e4refter ska kunna ta st\u00e4llning.<\/p>\n<p>Aktuellt ber\u00e4ttade, att Radiosporten hade gjort en enk\u00e4t tidigare i \u00e5r. 60 procent av de tillfr\u00e5gade sa nej till vinter-OS i Sverige, och endast 29 procent ville ha det.<\/p>\n<p>I studion skulle det naturligtvis debatteras. Utan att ge en enda siffra fr\u00e5n t.ex. budgeten f\u00f6r de t\u00e4nkta spelen gick startskottet f\u00f6r en duell mellan RF:s ordf\u00f6rande Bj\u00f6rn Eriksson och DN:s ledarskribent Erik Helmerson.<\/p>\n<p>DN fullf\u00f6ljde en gammal tradition \u2013 att snabbt tycka utan att veta. Jag vet, f\u00f6r jag var med.<\/p>\n<p>Vid en presstr\u00e4ff den 2 april1992 p\u00e5 eftermiddagen meddelade borgarr\u00e5den Carl Cederschi\u00f6ld (m), Mats Hulth (s) och Anna Lindh (s) att en bred politisk majoritet i Stockholm avs\u00e5g att s\u00f6ka OS 2004. Som ordf\u00f6rande i Stockholms Idrottsf\u00f6rbund, och initiativtagare till processen den g\u00e5ngen, k\u00e4nde min gl\u00e4dje vid v\u00e5r presskonferens inga gr\u00e4nser.<\/p>\n<p>Tv\u00e5 dagar senare, den 4 april, fylldes hela DN:s ledarsida av en skr\u00f6na med f\u00f6ljande rubrik:<\/p>\n<p><em>\u201dNej tack, inget OS \u2013 Det vore en olycka om Stockholm fick arrangera de olympiska spelen.\u201d<\/em><\/p>\n<p>Den ledarskribenten hade inte gjort n\u00e5got f\u00f6rs\u00f6k att s\u00e4tta sig in i budgeten. Erik Helmersson f\u00f6rs\u00f6kte nu i studion \u00f6vertr\u00e4ffa sina kollegor fr\u00e5n f\u00f6rr. Ingen siffra presenterades. Han sammanfattade sin st\u00e5ndpunkt med\u00a0<em>att \u201dDet blir alltid dyrare \u00e4n vad fartblinda politiker lovar.\u201d<\/em>Hans signerade ledare i dagens DN \u00e4r ett sv\u00e5rslaget rekord i allm\u00e4nt pladder.<\/p>\n<p>Ett exempel till. I Sydsvenska Dagbladet skrev sportchefen \u00c5ke Stolt, ocks\u00e5 han l\u00e5ngt ifr\u00e5n b\u00e5de presstr\u00e4ffar och fakta, rubriken\u00a0<em>\u201dV\u00e4ck de olympiska dr\u00f6mmarna.\u201d<\/em> F\u00f6r s\u00e4kerhets skull vill jag ber\u00e4tta att \u201ddr\u00f6mmarna\u201d var m\u00e4nniskor som dr\u00f6mde, inget annat. Siffor var inte heller p\u00e5 den tiden \u00c5ke Stolts starka sida. Invektiven var dock lika genomt\u00e4nkta som aversionen mot Stockholm var stor. S\u00e5 h\u00e4r l\u00e4t inledningen till artikeln:<\/p>\n<p><em>\u201dN\u00e5gra vilseledda borgarr\u00e5d, p\u00e5hejade av Lars Liljegren i Stockholms Idrottsf\u00f6rbund, har \u00e5ter b\u00f6rjat yra om sommarolympiska spel i huvudstaden.\u201d<\/em><\/p>\n<p><em> <\/em><\/p>\n<p>Str\u00f6yers dagbok (bilden ovanf\u00f6r) skildrade den svenska folksj\u00e4len p\u00e5 pricken vid den tiden.<\/p>\n<p>Den h\u00e4r g\u00e5ngen lever dr\u00f6mmarna om OS p\u00e5 flera h\u00e5ll \u00e4n i Stockholmsregionen. I Falun, \u00c5re och Sigulda i Lettland, sedan IOK \u00f6ppnat d\u00f6rrarna f\u00f6r att l\u00e5ta l\u00e4nder dela p\u00e5 spelen f\u00f6r att h\u00e5lla tillbaka kostnader. Men ocks\u00e5 f\u00f6r att ge de sm\u00e5 demokratierna, som t.ex. Lettland, en chans att p\u00e5 n\u00e5got s\u00e4tt vara med. Det \u00e4r utomordentligt viktigt att vi ber\u00e4ttar detta, s\u00e5 att de som lider av en allvarlig aversion mot Stockholm n\u00e5got kan h\u00e5lla tillbaka sarkasmerna.<\/p>\n<p>Men \u00e5ter till Tv-studion h\u00e4romkv\u00e4llen. Bj\u00f6rn Eriksson gjorde ett tappert f\u00f6rs\u00f6k att, trots de utlagda r\u00f6krid\u00e5erna, vinna striden. Han ber\u00e4ttade det som de flesta journalister, idrottsledare, politiker och andra intresserade redan borde ha fullst\u00e4ndigt klart f\u00f6r sig.<\/p>\n<p>IOK g\u00f6r nu allt f\u00f6r att h\u00e5lla tillbaka stora investeringar<\/p>\n<p>Genom att det har blivit s\u00e5 dyrt och os\u00e4kert att arrangera olympiska spel, har n\u00e4st intill alla arrang\u00f6rer som \u00e4r demokratier dragit sig ur. Det var ju helt fantastiskt, n\u00e4r vinter-OS 2022 gick till diktaturens Beijing, som arrangerade sommar-OS s\u00e5 sent som 2008. Men vad fanns det att v\u00e4lja p\u00e5? Den enda kvarvarande kandidaten var Almaty (tidigare Alma-Ata) i den forna sovjetrepubliken och diktaturen Kazakstan!<\/p>\n<p>Under vilken sten har turistprofessorn i G\u00f6teborg sovit det senaste \u00e5ret? Vi vill inte ha flera bokslut fr\u00e5n en tid som flytt. Vi vill fundera om framtidens m\u00f6jligheter med dagens, inte g\u00e5rdagens, f\u00f6ruts\u00e4ttningar fr\u00e5n IOK.<\/p>\n<p>IOK tillf\u00f6r nu nio miljarder kronor till arrang\u00f6rerna av ett vinter-OS och s\u00e4tter ocks\u00e5 gr\u00e4nser f\u00f6r \u201dgenomf\u00f6randebudgetens\u201d omfattning. N\u00e4r det g\u00e4ller investeringar ska befintliga anl\u00e4ggningar anv\u00e4ndas. Inga ska st\u00e5 kvar och skr\u00e4pa utan anv\u00e4ndning efter ett OS. Det ska vara h\u00e5llbart och ekonomiskt b\u00e5de p\u00e5 kort och p\u00e5 l\u00e5ng sikt.<\/p>\n<p>Av den ber\u00e4knade driftbudgeten p\u00e5 13 miljarder kronor t\u00e4cker IOK nio miljarder. \u00c5terst\u00e5r att f\u00e5 int\u00e4kter som \u00f6verstiger fyra miljarder. Det \u00e4r v\u00e4ldigt m\u00e5nga som tror att det \u00e4r m\u00f6jligt. Den som vill kan j\u00e4mf\u00f6ra biljett-, sponsor- och andra int\u00e4kter fr\u00e5n senare olympiska spel. D\u00e4r kommer inget att f\u00f6r\u00e4ndras. Ett vinter-OS i Sverige kanske t.o.m. kan ge pengar \u00f6ver.<\/p>\n<p>Men t\u00e4nk om det blir ett litet minus. \u00c4r det n\u00e5got att g\u00f6ra stor aff\u00e4r av? Jag vet inte. Det kostar varje g\u00e5ng man ska bjuda hem v\u00e4nner som man har bes\u00f6kt m\u00e5nga g\u00e5nger. En bra fest kostar. Den artige bjuder igen.<\/p>\n<p>En budget ska vara den b\u00e4sta prognosen f\u00f6r framtiden. Vad vet alla de som \u00e4r negativa till OS i Sverige om budgeten f\u00f6r vinter-OS 2026 som vi andra inte vet?<\/p>\n<p>Vi borde tala mer om det vi rimligen \u00e4r helt \u00f6verens om. Ett OS kan bli ett verkligt lyft f\u00f6r svensk idrott i en tid, n\u00e4r vi faktiskt beh\u00f6ver det.<\/p>\n<p>Spanien vann 13 guldmedaljer i Barcelona 1992 efter att ha f\u00e5tt n\u00f6ja sig med fyra under hela OS-historien dittills. Samma m\u00f6nster finns f\u00f6r andra OS-v\u00e4rdar.<\/p>\n<p>Norge lyfte sig som idrottsnation efter beslutet om OS till Lillehammer 1994. Numera \u00e4r m\u00e5nga skidt\u00e4vlingar i OS och VM f\u00f6rvillande lika norska m\u00e4sterskap. Men vinterspelen gav stark kraft ocks\u00e5 till sommaridrotterna. Sponsorerna \u00f6kade sina satsningar p\u00e5 f\u00f6rbund, enskilda idrottsut\u00f6vare men ocks\u00e5 p\u00e5 forskning och prestationsutveckling. Mer pengar gick till Norges Idrottsh\u00f6gskola och Olympiatoppen. Den norska olympiska satsningen blev en succ\u00e9, inte minst i m\u00e5nga sommaridrotter. Namn som Hoen (h\u00f6jdhopp), Moen (sprint) och Hattestad (spjut) d\u00f6k upp p\u00e5 prispallarna i var och varannan sommart\u00e4vling under b\u00f6rjan och mitten av 90-talet. Vebj\u00f6rn Rodals guldtriumf p\u00e5 800 meter i Atlanta 1996 var symbolen f\u00f6r Norges guldsatsning.<\/p>\n<p>Om detta hoppas jag att RF:s ordf\u00f6rande Bj\u00f6rn Eriksson talar mer, tillsammans med alla oss andra, n\u00e4sta g\u00e5ng vi f\u00e5r vara med i tidningar, radio eller TV.<\/p>\n<p>Vi idrottsledare har ett stort ansvar f\u00f6r att f\u00f6rs\u00f6ka skapa samling omkring ett fantastiskt \u00e4ventyr.<\/p>\n","protected":false},"excerpt":{"rendered":"<p>Osams i Sverige 1992 \u201dSverige och Stockholm kandidat till OS och Paralympics 2026! Internationella Olympiska kommitt\u00e9n (IOK) r\u00f6stade p\u00e5 tisdagen fram Sverige och Stockholm som en av tre kandidater till v\u00e4rdskapet f\u00f6r vinter-OS och Paralympics 2026. Det koncept som har &hellip; <a href=\"https:\/\/www.slliljegren.se\/?p=1443\">Forts\u00e4tt l\u00e4sa <span class=\"meta-nav\">&rarr;<\/span><\/a><\/p>\n","protected":false},"author":1,"featured_media":0,"comment_status":"open","ping_status":"open","sticky":false,"template":"","format":"standard","meta":{"footnotes":""},"categories":[8],"tags":[],"class_list":["post-1443","post","type-post","status-publish","format-standard","hentry","category-liljegren-om-idrott"],"_links":{"self":[{"href":"https:\/\/www.slliljegren.se\/index.php?rest_route=\/wp\/v2\/posts\/1443","targetHints":{"allow":["GET"]}}],"collection":[{"href":"https:\/\/www.slliljegren.se\/index.php?rest_route=\/wp\/v2\/posts"}],"about":[{"href":"https:\/\/www.slliljegren.se\/index.php?rest_route=\/wp\/v2\/types\/post"}],"author":[{"embeddable":true,"href":"https:\/\/www.slliljegren.se\/index.php?rest_route=\/wp\/v2\/users\/1"}],"replies":[{"embeddable":true,"href":"https:\/\/www.slliljegren.se\/index.php?rest_route=%2Fwp%2Fv2%2Fcomments&post=1443"}],"version-history":[{"count":4,"href":"https:\/\/www.slliljegren.se\/index.php?rest_route=\/wp\/v2\/posts\/1443\/revisions"}],"predecessor-version":[{"id":1449,"href":"https:\/\/www.slliljegren.se\/index.php?rest_route=\/wp\/v2\/posts\/1443\/revisions\/1449"}],"wp:attachment":[{"href":"https:\/\/www.slliljegren.se\/index.php?rest_route=%2Fwp%2Fv2%2Fmedia&parent=1443"}],"wp:term":[{"taxonomy":"category","embeddable":true,"href":"https:\/\/www.slliljegren.se\/index.php?rest_route=%2Fwp%2Fv2%2Fcategories&post=1443"},{"taxonomy":"post_tag","embeddable":true,"href":"https:\/\/www.slliljegren.se\/index.php?rest_route=%2Fwp%2Fv2%2Ftags&post=1443"}],"curies":[{"name":"wp","href":"https:\/\/api.w.org\/{rel}","templated":true}]}}