{"id":1451,"date":"2018-10-13T11:51:41","date_gmt":"2018-10-13T11:51:41","guid":{"rendered":"http:\/\/www.slliljegren.se\/?p=1451"},"modified":"2018-10-14T11:37:42","modified_gmt":"2018-10-14T11:37:42","slug":"ska-stockholmspolitiker-fa-doda-svensk-idrotts-och-hela-landets-drommar-om-os-och-paralympics","status":"publish","type":"post","link":"https:\/\/www.slliljegren.se\/?p=1451","title":{"rendered":"Ska stockholmspolitiker f\u00e5 d\u00f6da svensk idrotts och hela landets dr\u00f6mmar om OS och Paralympics?"},"content":{"rendered":"<p>F\u00f6r n\u00e5gra dagar sedan kom leende ledam\u00f6ter i SOK:s styrelse hem fr\u00e5n Buenos Aires och gav beskedet att Sverige, landet d\u00e4r Stockholm \u00e4r huvudstad, \u00e4r en av tre kandidater inf\u00f6r 2026 \u00e5rs Paralympics och olympiska vinterspel.<\/p>\n<p>Budskapet spred gl\u00e4dje, kanske framf\u00f6r allt bland de 600\u00a0000 idrottsledare som arbetar utan ers\u00e4ttning f\u00f6r att g\u00f6ra Sverige lite b\u00e4ttre. De som i f\u00f6reningarna ger barn och ungdomar gl\u00e4dje och trygghet, och som vet hur mycket ett olympiskt spel \u00e4r v\u00e4rt f\u00f6r idrotten i landet. Exemplen \u00e4r m\u00e5nga, och bevisen starka, fr\u00e5n l\u00e4nder som Spanien (Barcelona 1992), Norge (Lillehammer 1994) och Storbritannien (London 2012).<\/p>\n<p>Gl\u00e4djen i idrottsr\u00f6relsen i hela landet blev dock kortvarig. Dagarna efter samlades de borgerliga partiernas f\u00f6retr\u00e4dare i Stockholms stadshus tillsammans med den tidigare \u00e4rkefienden Milj\u00f6partiet. De skulle f\u00f6rs\u00f6ka komma \u00f6verens om vilka som skulle bli borgarr\u00e5d och d\u00e4rmed kunna, i motsats till alla idrottsledare, kvittera ut h\u00f6ga ers\u00e4ttningar under den n\u00e4rmaste fyra\u00e5rsperioden. Och som man lyckades! Vid presskonferensen str\u00e5lade de fr\u00e4msta f\u00f6retr\u00e4darna i kapp. De ber\u00e4ttade bl.a. att planerna p\u00e5 OS och Paralympics 2026 till Sverige var nedgr\u00e4vda.<\/p>\n<p>Det nyblivna finansborgarr\u00e5det, Anna K\u00f6nig Jerlmyr, sa att\u00a0<em>\u201ddet saknas tydliga underlag f\u00f6r ett vinter-OS just nu.\u201d<\/em>En centerpartist som heter Karin Ernlund ska tydligen f\u00e5 bli borgarr\u00e5d f\u00f6r bl.a. kultur- och idrottsfr\u00e5gor. Hon fyller i med att\u00a0<em>\u201dvi kan inte g\u00f6ra bed\u00f6mningen att man kan st\u00e5 som v\u00e4rd 2026.\u201d<\/em><\/p>\n<p>Av n\u00e5gon anledning kommer jag just d\u00e5 att t\u00e4nka p\u00e5 titeln p\u00e5 Jan Guillous senaste bok:\u00a0<em>\u201dDe som d\u00f6dar dr\u00f6mmar sover aldrig.\u201d <\/em>H\u00e4r hade d\u00e5 n\u00e5gra politiska figurer i Stockholm snabbt d\u00f6dat dr\u00f6mmarna i hela landet och i landets idrottsr\u00f6relse.<\/p>\n<p>Men de har, i motsats till dem som d\u00f6dar dr\u00f6mmar i Guillous bok, tydligen sovit djupt de senaste \u00e5ren.<\/p>\n<p><em>\u201dDet saknas underlag.\u201d<\/em>Vilket kvalificerat skitprat! Jag har p\u00e5 mycket n\u00e4ra h\u00e5ll sett hur goda v\u00e4nner i SOK:s styrelse under ett helt \u00e5r har f\u00f6rsett de politiska f\u00f6retr\u00e4darna i Stockholms stadshus med underlag. De har f\u00e5tt samma underlag som IOK hade vid sitt beslut f\u00f6r n\u00e5gra dagar sedan att g\u00f6ra Stockholm till kandidatstad. Det underlag de har beg\u00e4rt har de f\u00e5tt.<\/p>\n<p>Men om vi ska tro p\u00e5 dem som d\u00f6dat dr\u00f6mmarna, har Stockholm tydligen valt f\u00f6retr\u00e4dare som s\u00e4ger nej utan att ha f\u00e5tt underlag f\u00f6r beslutet. Varf\u00f6r d\u00e5 inte skjuta upp beslutet n\u00e5gra m\u00e5nader, tills man \u00e4nnu en g\u00e5ng har f\u00e5tt det underlag man redan har f\u00e5tt? P\u00e5 m\u00f6tesspr\u00e5k, ett spr\u00e5k som politiker borde f\u00f6rst\u00e5, kallas det bordl\u00e4ggning eller \u00e5terremiss. Beslut utan underlag! \u00c4r det konstigt att politikerf\u00f6raktet \u00f6kar?<\/p>\n<p>Jag har i min blogg f\u00f6r n\u00e5gra dagar sedan f\u00f6rs\u00f6kt ge saksk\u00e4l och n\u00e5gra siffror varf\u00f6r Sverige nu har en chans att f\u00e5 OS och Paralympics som troligen aldrig \u00e5terkommer. Om n\u00e5gra \u00e5r \u00e4r alla andra l\u00e4nder medvetna om de nya reglerna och de nio miljarder som IOK numera pumpar in i ett vinter-OS. L\u00e4s mer h\u00e4r:<\/p>\n<p><a href=\"https:\/\/www.slliljegren.se\/?p=1443\">https:\/\/www.slliljegren.se\/?p=1443<\/a><\/p>\n<p>Flera av de politiska partierna fullf\u00f6ljer nu en trist tradition av nejs\u00e4geri till OS. L\u00e5t mej ber\u00e4tta om f\u00f6rra g\u00e5ngen. Jag var med d\u00e5. Stockholms Idrottsf\u00f6rbund, d\u00e4r jag var ordf\u00f6rande, f\u00f6rankrade ett positivt OS-beslut hos Stockholms kommunpolitiker. D\u00e5 var det verkligen Stockholm och inte, som nu, hela landet som ber\u00f6rdes av stockholmspolitikernas beslut. D\u00e5 var det rimligare att l\u00e5ta Stockholm best\u00e4mma ensamt.<\/p>\n<p>Moderaterna, Socialdemokraterna, Stockholmspartiet och Centerpartiet r\u00f6stade i Stockholms kommunfullm\u00e4ktige den 30 oktober 1995 f\u00f6r att Stockholm skulle s\u00f6ka OS 2004. Milj\u00f6partiet, Folkpartiet och V\u00e4nsterpartiet var emot.<\/p>\n<p>Under sommaren f\u00f6re omr\u00f6stningen bytte Centerpartiet uppfattning, fr\u00e5n negativt till positivt, sedan partiet bl.a. p\u00e5verkade milj\u00f6kraven f\u00f6r projektet i positiv riktning. Se d\u00e4r ett tips till Centerpartiet och Milj\u00f6partiet ocks\u00e5 den h\u00e4r g\u00e5ngen!<\/p>\n<p>Folkpartiet var det mest OS-entusiastiska partiet i Stadshuset fram till 1994. I ett brev, som s\u00e4ndes bl. a till Stockholmsidrottens specialdistriktsf\u00f6rbund n\u00e5gra dagar f\u00f6re valet i september 1991, skrev d\u00e5varande fritidsborgarr\u00e5det Lennart Rydberg (Fp):<\/p>\n<p><em>&#8221;\u00d6vriga partier har i \u00e5rets valr\u00f6relse anslutit sig till v\u00e5rt f\u00f6rslag att Stockholm ska s\u00f6ka sommar-OS. Jag bifogar mitt f\u00f6rslag i fr\u00e5gan och p\u00e5pekar samtidigt att b\u00e5de socialdemokraterna och moderaterna r\u00f6stade nej till f\u00f6rslaget i fullm\u00e4ktige.&#8221;<\/em><\/p>\n<p>Folkpartiet motionerade redan den 28 februari 1966 till Stockholms kommunfullm\u00e4ktige om att Stockholm borde s\u00f6ka olympiska vinterspel (!).<\/p>\n<p>I Folkpartiets kommunala valkampanj i Stockholm 1994 f\u00f6rekom ofta slagordet\u00a0<em>\u201dDagis ist\u00e4llet f\u00f6r OS\u201d. <\/em>I valet f\u00f6rlorade partiet en tredjedel av sina mandat i fullm\u00e4ktige.\u00a0\u00a0I riksdagsvalet r\u00e4ckte det med en f\u00f6rlust p\u00e5 20 procent av mandaten den g\u00e5ngen. Valfakta talar inte direkt f\u00f6r att \u201dNej till OS\u201d skulle vara en s.k. valvinnare.<\/p>\n<p>Vid Stockholms f\u00f6rra f\u00f6rs\u00f6k var kritiken mot Stockholms bristande idrottssatsningar stark. Detta omvandlades till sin motsats, n\u00e4r Stockholm investerade f\u00f6r att visa den internationella idrottsv\u00e4rlden, att staden menade allvar.\u00a0<em>\u201dOS-tanken har v\u00e4ckt politikerna\u201d<\/em>, var en rubrik i Svenska Dagbladet. Idrotten hade stora f\u00f6rdelar av kampanjen, \u00e4ven om Aten s\u00e5 sm\u00e5ningom vann spelen 2004.<\/p>\n<p>Fram till ig\u00e5r hade SOK:s opinionsarbete varit hyggligt framg\u00e5ngsrikt. Ingen enda ansvarig politiker hade trots allt stigit fram och tagit avst\u00e5nd fr\u00e5n tanken p\u00e5 vinter-OS i Stockholm. Men argumenten b\u00f6rjade slipas tidigt. H\u00e4r \u00e4r exempel fr\u00e5n tv\u00e5 av huvudpersonerna fr\u00e5n g\u00e5rdagens uppg\u00f6relse:<\/p>\n<p><em>Det f\u00e5r inte ske p\u00e5 bekostnad av skattebetalarna och andra viktiga \u00e5tagande. Det \u00e4r brist p\u00e5 idrottshallar, simhallar, ishallar och ridhus. F\u00f6r oss \u00e4r det mycket viktigare \u00e4n ett arrangemang som varar bara ett par veckor <\/em>(Liberalernas Lotta Edholm den 3 februari 2016).<\/p>\n<p><em> <\/em><\/p>\n<p><em>Jag har sv\u00e5rt att se att Stockholm skulle vara en klockren stad f\u00f6r vinter-OS. <\/em>(Daniel Helld\u00e9n, milj\u00f6partist och trafikborgarr\u00e5d).<\/p>\n<p>Moderaternas f\u00f6retr\u00e4dare Anna K\u00f6nig Jerlmyr uttalades sig positivt vid den tidpunkten, \u00e4ven om hon betonade att partiet \u00e4nnu inte har tagit st\u00e4llning. Men det var d\u00e5 det. Nu s\u00e4ljer hon ut sin positiva tro p\u00e5 OS till Sverige f\u00f6r ett hyggligt arvode som finansborgarr\u00e5d.<\/p>\n<p>N\u00e4r nu Lotta Edholm har sagt nej antar jag att Stockholms idrottsr\u00f6relse kommer att \u00f6versk\u00f6ljas av idrottshallar, simhallar, ishallar och ridhus. N\u00e5got s\u00e5dant stod dock inte i g\u00e5rdagens politiska \u00f6verenskommelse.<\/p>\n<p>Liberalerna har i f\u00f6rhandlingarna s\u00e4kert f\u00e5tt gott st\u00f6d f\u00f6r sin historiskt negativa linje av Milj\u00f6partiet. Och s\u00e5 bra att ha n\u00e5gon att skylla p\u00e5, n\u00e4r man ska motivera beslutet inf\u00f6r bl.a. de mycket v\u00e4lk\u00e4nda liberala idrottsledare som ocks\u00e5 fyller Stockholms Idrottsf\u00f6rbunds styrelse och valberedning. D\u00e4r finns bl.a. liberalernas kommunalr\u00e5d i Sundbyberg. Vilken m\u00f6jlighet har Lotta Edholm gett liberalerna fr\u00e5n andra kommuner i regionen att ge sin syn, innan hon gjorde tummen ned?<\/p>\n<p>S\u00e5 d\u00f6dade fredagen den 12 oktober 2018 den nya majoriteten i Stockholm dr\u00f6mmarna i landets st\u00f6rsta folkr\u00f6relse. Och naturligtvis ocks\u00e5 de dr\u00f6mmar som finns i landet, speciellt i kommunerna runt Stockholm, i \u00c5re, Falun och Sigulda i Lettland.<\/p>\n<p>Har Sverige de kommunpolitiker i Stockholm som landets huvudstad f\u00f6rtj\u00e4nar? Upptr\u00e4der de kompetent och v\u00e4rdigt?<\/p>\n<p>Och till sist. Nu \u00e4r det dags att SOK, RF, Stockholms idrottsf\u00f6rbund och de andra distriktsf\u00f6rbunden kommer upp ur startgroparna och i hela landet genomf\u00f6r en kraftfull informationskampanj om f\u00f6rdelarna med OS och Paralympics till Sverige. Det beh\u00f6vs inte l\u00e4ngre n\u00e5gra statister i Ingmar Bergmans film \u201dTystnaden.\u201d<\/p>\n","protected":false},"excerpt":{"rendered":"<p>F\u00f6r n\u00e5gra dagar sedan kom leende ledam\u00f6ter i SOK:s styrelse hem fr\u00e5n Buenos Aires och gav beskedet att Sverige, landet d\u00e4r Stockholm \u00e4r huvudstad, \u00e4r en av tre kandidater inf\u00f6r 2026 \u00e5rs Paralympics och olympiska vinterspel. Budskapet spred gl\u00e4dje, kanske &hellip; <a href=\"https:\/\/www.slliljegren.se\/?p=1451\">Forts\u00e4tt l\u00e4sa <span class=\"meta-nav\">&rarr;<\/span><\/a><\/p>\n","protected":false},"author":1,"featured_media":0,"comment_status":"open","ping_status":"open","sticky":false,"template":"","format":"standard","meta":{"footnotes":""},"categories":[8],"tags":[],"class_list":["post-1451","post","type-post","status-publish","format-standard","hentry","category-liljegren-om-idrott"],"_links":{"self":[{"href":"https:\/\/www.slliljegren.se\/index.php?rest_route=\/wp\/v2\/posts\/1451","targetHints":{"allow":["GET"]}}],"collection":[{"href":"https:\/\/www.slliljegren.se\/index.php?rest_route=\/wp\/v2\/posts"}],"about":[{"href":"https:\/\/www.slliljegren.se\/index.php?rest_route=\/wp\/v2\/types\/post"}],"author":[{"embeddable":true,"href":"https:\/\/www.slliljegren.se\/index.php?rest_route=\/wp\/v2\/users\/1"}],"replies":[{"embeddable":true,"href":"https:\/\/www.slliljegren.se\/index.php?rest_route=%2Fwp%2Fv2%2Fcomments&post=1451"}],"version-history":[{"count":16,"href":"https:\/\/www.slliljegren.se\/index.php?rest_route=\/wp\/v2\/posts\/1451\/revisions"}],"predecessor-version":[{"id":1467,"href":"https:\/\/www.slliljegren.se\/index.php?rest_route=\/wp\/v2\/posts\/1451\/revisions\/1467"}],"wp:attachment":[{"href":"https:\/\/www.slliljegren.se\/index.php?rest_route=%2Fwp%2Fv2%2Fmedia&parent=1451"}],"wp:term":[{"taxonomy":"category","embeddable":true,"href":"https:\/\/www.slliljegren.se\/index.php?rest_route=%2Fwp%2Fv2%2Fcategories&post=1451"},{"taxonomy":"post_tag","embeddable":true,"href":"https:\/\/www.slliljegren.se\/index.php?rest_route=%2Fwp%2Fv2%2Ftags&post=1451"}],"curies":[{"name":"wp","href":"https:\/\/api.w.org\/{rel}","templated":true}]}}