{"id":1469,"date":"2018-11-07T17:34:54","date_gmt":"2018-11-07T17:34:54","guid":{"rendered":"http:\/\/www.slliljegren.se\/?p=1469"},"modified":"2018-11-07T17:43:53","modified_gmt":"2018-11-07T17:43:53","slug":"lat-ingen-tafsa-pa-sjalvstandigheten","status":"publish","type":"post","link":"https:\/\/www.slliljegren.se\/?p=1469","title":{"rendered":"L\u00e5t ingen tafsa p\u00e5 sj\u00e4lvst\u00e4ndigheten!"},"content":{"rendered":"<p>I helgen forts\u00e4tter svensk idrotts centrala samtal om idrottens framtid. Det sker vid Riksidrottsforum i Ronneby. N\u00e4sta station \u00e4r RF-st\u00e4mman i J\u00f6nk\u00f6ping i slutet av maj 2019.<\/p>\n<p>Vid RF-st\u00e4mman 2017 i Karlstad fattade de f\u00f6rsamlade beslut om den strategiska inriktningen. En ambiti\u00f6s strategisk plan med m\u00e4ngder av \u00e5tg\u00e4rder best\u00e4mdes. En del ska g\u00f6ras i specialf\u00f6rbund, annat p\u00e5 RF-kansliet. Visionen \u00e4r den lite blygsamma\u00a0<em>\u201dSvensk idrott \u2013 v\u00e4rldens b\u00e4sta\u201d<\/em>. Jag gillar faktiskt den. Den \u00e4r uppk\u00e4ftig. Och jag tror p\u00e5 svensk idrotts framtid. Fler ska vara med l\u00e4ngre. Triangeln ska bli rektangel, som det utrycks i strategidokumenten.<\/p>\n<p>Det kunde ha b\u00f6rjat b\u00e4ttre. Efter riksidrottsstyrelsens f\u00f6redragning l\u00e4mnades ordet fritt. Inget enda ombud beg\u00e4rde ordet. N\u00e4r s\u00e5dant h\u00e4nde i H\u00f6gsta Sovjet eller p\u00e5 Kinas partikongress, f\u00f6rklarades det med den breda enigheten. Men inte \u00e4r det bra med tystnad, n\u00e4r svensk idrott st\u00e5r inf\u00f6r gigantiska utmaningar.<\/p>\n<p>Sedan 2006 har antalet aktiva i idrott minskat, liksom antalet f\u00f6reningar. Det lokalaaktivitetsst\u00f6det har ocks\u00e5 minskat. En klar majoritet, 70\u201380 procent, av svenska knattar och ungdomar \u00e4r aktiva i en idrottsf\u00f6rening. Men fr\u00e5n 15 \u00e5rs \u00e5lder minskar deltagandet drastiskt.<\/p>\n<p>Statens st\u00f6d till idrotten har minskat under samma period liksom kommunernas kontantst\u00f6d och investeringar i anl\u00e4ggningar. Ordet \u201didrott\u201d hittas i regeringsf\u00f6rklaringar endast i undantagsfall. Och idrotten var f\u00f6rsvunnen ur den senaste svenska valr\u00f6relsen. Det finns lite att bita i f\u00f6r dem som \u00e5ker till Ronneby och J\u00f6nk\u00f6ping.<\/p>\n<p>Jag vill skicka med n\u00e5gra uppmaningar till Ronneby. Om n\u00e5gon dag kommer det fler. Var lugn.<\/p>\n<p><strong>1. L\u00e5t ingen tafsa p\u00e5 sj\u00e4lvst\u00e4ndigheten!<\/strong><\/p>\n<p>R\u00e4tten att fastst\u00e4lla m\u00e5len och v\u00e4garna till m\u00e5len \u00e4r avg\u00f6rande f\u00f6r engagemanget hos 600\u00a0000 ideellt arbetande idrottsledare. Alla vi som skulle kosta en kommunal skatteh\u00f6jning p\u00e5 ca 2 kronor, om vi fick betalt f\u00f6r den tid vi l\u00e4gger ned.<\/p>\n<p>Samtidigt som statens och kommunernas st\u00f6d till idrotten har minskat under den senaste 10-\u00e5rsperioden har andra pengar regnat som manna fr\u00e5n himlen. Det g\u00e4ller t. ex f\u00f6r etablering av nyanl\u00e4nda ungdomar, s\u00e4rskilda insatser till segregerade omr\u00e5den och aktiviteter under skollov mm. Miljoner har rullat, ackompanjerade av trumpetst\u00f6tar och pressmeddelanden fr\u00e5n regeringskansli och RF.<\/p>\n<p>Man beh\u00f6ver inte vara p\u00e5 d\u00e5ligt hum\u00f6r f\u00f6r att se att det har varit ganska l\u00e4tt att f\u00e5 pengar f\u00f6r det som ligger utanf\u00f6r idrottens \u201dk\u00e4rnverksamhet\u201d. Aktiva idrottsledare, som \u00e4lskar att utveckla sin idrott, f\u00f6ruts\u00e4tts numera i allt st\u00f6rre utstr\u00e4ckning vara oavl\u00f6nad arbetskraft i statens eller kommunernas tj\u00e4nst. Distriktsf\u00f6rbunden liknar alltmer regionkontor f\u00f6r Arbetsf\u00f6rmedling och Migrationsverk. Organisationer f\u00f6r att ta hand om det nya har skapats p\u00e5 RF och i distriktsf\u00f6rbund \u2013 en myndighetens linjeorganisation fr\u00e5n RF till f\u00f6reningarna. Antalet anst\u00e4llda visar en ofattbar \u00f6kning.<\/p>\n<p><strong>2. V\u00e5ga v\u00e4gra riktade samh\u00e4llsst\u00f6d!<\/strong><\/p>\n<p>N\u00e4sta g\u00e5ng politiker i stat och kommun kommer och ber idrotten l\u00f6sa de problem de inte har lyckat l\u00f6sa sj\u00e4lva \u00e4r det dags att s\u00e4ga: \u201d<em>Nej tack, vi pysslar med idrott. Och just detta ger ett b\u00e4ttre samh\u00e4lle f\u00f6r barn, ungdomar och vuxna! Och vi har inte tid med s\u00e5 mycket mer. Och som du kanske vet arbetar vi ideellt utan h\u00f6ga politikerarvoden!\u201d<\/em><\/p>\n<p><em> <\/em><\/p>\n<p>Jag minns med stor gl\u00e4dje, n\u00e4r jag som relativt nyvald ordf\u00f6rande i Stockholms Idrottsf\u00f6rbund tr\u00e4ffade det lika nyvalda landstingsr\u00e5det. Hon fr\u00e5gade vad idrotten gjorde f\u00f6r milj\u00f6n<em>. \u201dS\u00e5 lite som m\u00f6jligt, hoppas jag!\u201d,<\/em>svarade jag medvetet provocerande.\u00a0<em>\u201dOm vi vore en milj\u00f6organisation skulle inte tre fj\u00e4rdedelar av 15-\u00e5riga pojkar och h\u00e4lften av flickorna vara med\u201d<\/em>, konstaterade jag. Hon s\u00e5g faktiskt ut att f\u00f6rst\u00e5.<\/p>\n<p><strong>3. L\u00e5t f\u00f6reningarna vara entrepren\u00f6rer!<\/strong><\/p>\n<p>M\u00e4ngder av f\u00f6reningar brinner f\u00f6r aktiviteter lite vid sidan av. L\u00e5t d\u00e4rf\u00f6r regering och riksdag skicka \u00f6ver pengar till kommunerna f\u00f6r s\u00e5dant. L\u00e5t deras fritidsf\u00f6rvaltningar \u201dta in anbud\u201d direkt fr\u00e5n de f\u00f6reningar som vill arbeta med t.ex. integration. Eller varf\u00f6r inte med idrott och friskv\u00e5rd bland \u00e4ldre? Triangeln skulle ju bli rektangel. M\u00e5nga f\u00f6reningar vill arbeta med det. Andra har inte en organisation f\u00f6r det. N\u00e5gra vill inte av speciella sk\u00e4l.<\/p>\n<p>Just idag kunde jag l\u00e4sa p\u00e5 Norrtulls SK:S Facebooksida:<\/p>\n<p><em>\u201dV\u00e5rt integrationsarbete har uppm\u00e4rksammats mycket under \u00e5ret och med hj\u00e4lp av er fantastiska medlemmar har vi idag m\u00f6jliggjort f\u00f6r \u00f6ver 70 nyanl\u00e4nda barn och unga att b\u00f6rja i v\u00e5r verksamhet.\u201d<\/em><\/p>\n<p>Norrtulls verksamhet v\u00e4rmer i hj\u00e4rtat. Men det g\u00e5r att g\u00f6ra enklare v\u00e4gar och penningstr\u00f6mmar \u00e4n de nuvarande fr\u00e5n regeringskvarteren i Stockholm till Norrtull eller Kiruna.<\/p>\n<p><strong> <\/strong><\/p>\n<p><strong>4. Krossa myndighetst\u00e4nkandet!<\/strong><\/p>\n<p>Under senare \u00e5r har den svenska idrottsr\u00f6relsen centraliserats och byr\u00e5kratiserats. Det har skett lite i smyg, \u00e4ven om formella beslut har fattats p\u00e5 RF-st\u00e4mmorna. Till de mer fantastiska f\u00f6r\u00e4ndringarna h\u00f6r att distriktsf\u00f6rbundens chefer nu \u00e4r anst\u00e4llda direkt av RF. Den lokala och regionala f\u00f6rankringen, styrkan i den svenska idrotten, har brutits s\u00f6nder.<\/p>\n<p>En g\u00e5ng f\u00f6r l\u00e4nge sedan, i b\u00f6rjan av 1985, fick jag fr\u00e5gan om jag ville bli ordf\u00f6rande i Stockholms Idrottsf\u00f6rbund. Mitt k\u00e4rleksf\u00f6rh\u00e5llande med f\u00f6rbundet varade i 22 \u00e5r. Jag hade inte n\u00e5gonsin funderat p\u00e5 att svara ja, om inte v\u00e5r styrelse hade haft det avg\u00f6rande inflytandet \u00f6ver chefen och n\u00e5gra \u00e5r senare ocks\u00e5 \u00f6ver konsulenterna. De kom att formellt flyttas till distrikten efter en motion av just Stockholms Idrottsf\u00f6rbund.<\/p>\n<p>N\u00e4r alla ser hur fackliga organisationer och partier f\u00f6rtvinar bl.a. p\u00e5 grund av centralisering och byr\u00e5krati, g\u00e5r den svenska idrottens ledning med \u00f6ppna \u00f6gon samma v\u00e4g. N\u00e5gra av oss har protesterat. Kan det vara m\u00f6jligt att i framtiden rekrytera styrelseledam\u00f6ter till distriktsf\u00f6rbunden i hela landet, n\u00e4r deras h\u00e4nder \u00e4r bakbundna av rep fr\u00e5n Skanstull i Stockholm?<\/p>\n<p>G\u00f6r om! G\u00f6r r\u00e4tt! Och g\u00f6r det fort! En f\u00f6rtvinande folkr\u00f6relse \u00e4r inte l\u00e4tt att bringa liv i igen. Sp\u00e5ren fr\u00e5n fackliga organisationer och politiska partier f\u00f6rskr\u00e4cker.<\/p>\n<p>Den som \u00e4r optimist tror att den svenska idrottsr\u00f6relsen \u00e5terigen kan st\u00e4rka sin st\u00e4llning. Den som vill kan s\u00f6ka inspiration i Jan Lindroths, professor emeritus i idrottshistoria vid Stockholms Universitet, klassiska beskrivning av svensk idrottsr\u00f6relse f\u00f6r ett antal \u00e5r sedan:\u00a0<em>\u201dIdrottsr\u00f6relsen \u2013 detta stolta slagskepp i moder Sveas i \u00f6vrigt sjunkande folkr\u00f6relseflotta.\u201d<\/em><\/p>\n<p>Sj\u00e4lv har jag en optimistisk syn p\u00e5 det \u00e4nnu ganska stolta slagskeppets framtid. Men det br\u00e5dskar att sl\u00e5 om rodret och hissa seglen till fullo. L\u00e5t det b\u00f6rja i Ronneby och forts\u00e4tta i J\u00f6nk\u00f6ping.<\/p>\n<p>Om n\u00e5gon dag ska jag \u00e5terkomma ocks\u00e5 till vad jag tror kr\u00e4vs av bes\u00e4ttningen p\u00e5 det stolta slagskeppet.<\/p>\n","protected":false},"excerpt":{"rendered":"<p>I helgen forts\u00e4tter svensk idrotts centrala samtal om idrottens framtid. Det sker vid Riksidrottsforum i Ronneby. N\u00e4sta station \u00e4r RF-st\u00e4mman i J\u00f6nk\u00f6ping i slutet av maj 2019. Vid RF-st\u00e4mman 2017 i Karlstad fattade de f\u00f6rsamlade beslut om den strategiska inriktningen. &hellip; <a href=\"https:\/\/www.slliljegren.se\/?p=1469\">Forts\u00e4tt l\u00e4sa <span class=\"meta-nav\">&rarr;<\/span><\/a><\/p>\n","protected":false},"author":1,"featured_media":0,"comment_status":"open","ping_status":"open","sticky":false,"template":"","format":"standard","meta":{"footnotes":""},"categories":[8],"tags":[],"class_list":["post-1469","post","type-post","status-publish","format-standard","hentry","category-liljegren-om-idrott"],"_links":{"self":[{"href":"https:\/\/www.slliljegren.se\/index.php?rest_route=\/wp\/v2\/posts\/1469","targetHints":{"allow":["GET"]}}],"collection":[{"href":"https:\/\/www.slliljegren.se\/index.php?rest_route=\/wp\/v2\/posts"}],"about":[{"href":"https:\/\/www.slliljegren.se\/index.php?rest_route=\/wp\/v2\/types\/post"}],"author":[{"embeddable":true,"href":"https:\/\/www.slliljegren.se\/index.php?rest_route=\/wp\/v2\/users\/1"}],"replies":[{"embeddable":true,"href":"https:\/\/www.slliljegren.se\/index.php?rest_route=%2Fwp%2Fv2%2Fcomments&post=1469"}],"version-history":[{"count":11,"href":"https:\/\/www.slliljegren.se\/index.php?rest_route=\/wp\/v2\/posts\/1469\/revisions"}],"predecessor-version":[{"id":1481,"href":"https:\/\/www.slliljegren.se\/index.php?rest_route=\/wp\/v2\/posts\/1469\/revisions\/1481"}],"wp:attachment":[{"href":"https:\/\/www.slliljegren.se\/index.php?rest_route=%2Fwp%2Fv2%2Fmedia&parent=1469"}],"wp:term":[{"taxonomy":"category","embeddable":true,"href":"https:\/\/www.slliljegren.se\/index.php?rest_route=%2Fwp%2Fv2%2Fcategories&post=1469"},{"taxonomy":"post_tag","embeddable":true,"href":"https:\/\/www.slliljegren.se\/index.php?rest_route=%2Fwp%2Fv2%2Ftags&post=1469"}],"curies":[{"name":"wp","href":"https:\/\/api.w.org\/{rel}","templated":true}]}}