{"id":1495,"date":"2018-12-11T19:13:16","date_gmt":"2018-12-11T19:13:16","guid":{"rendered":"http:\/\/www.slliljegren.se\/?p=1495"},"modified":"2018-12-11T19:13:16","modified_gmt":"2018-12-11T19:13:16","slug":"liberalt-krig-med-idrotten","status":"publish","type":"post","link":"https:\/\/www.slliljegren.se\/?p=1495","title":{"rendered":"Liberalt krig med idrotten?"},"content":{"rendered":"<p>Den nya politiska majoriteten (Den s.k. alliansen och Milj\u00f6partiet) hade knappast hittat till sina vackra tj\u00e4nsterum i Stockholms stadshus, innan de den 12 oktober ber\u00e4ttade, att n\u00e5got vinter-OS till Sverige 2026 inte l\u00e4ngre var aktuellt.<\/p>\n<p>Det nybakade kultur- och idrottsborgarr\u00e5det Karin Ernlund (c) sa, att det saknades underlag f\u00f6r ett positivt beslut. S\u00e5 var det naturligtvis inte. SOK hade vid flera tillf\u00e4llen under det senaste \u00e5ret f\u00f6rsett b\u00e5de den politiska majoriteten och den d\u00e5varande oppositionen med underlag och argument. IOK:s nya f\u00f6ruts\u00e4ttningar, med bl.a. nio miljarder i direkt st\u00f6d till arrang\u00f6ren, var v\u00e4lk\u00e4nda bland Stockholms politiker.<\/p>\n<p>Sex dagar senare, den 18 oktober, \u00f6ppnade samma borgarr\u00e5d d\u00f6rren p\u00e5 gl\u00e4nt igen. D\u00e4r \u00e4r vi just nu. Och nu \u00e4r det riktigt allvar.<\/p>\n<p>Den politiska majoriteten i Stockholm ska fatta ett definitivt beslut om stadens OS-planer under den allra n\u00e4rmaste tiden. Och det \u00e4r heller ingen hemlighet, att Liberalerna fortfarande \u00e4r de st\u00f6rsta motst\u00e5ndarna. De som vet s\u00e4ger att Centern nu \u00e4r positivt, tillsammans med moderater och kristdemokrater. Milj\u00f6partiets entusiasm f\u00f6r OS har alltid varit begr\u00e4nsad. I praktiken ser Liberalerna ut att ha vetor\u00e4tt. Inget annat parti vill riskera alliansens enighet i Stockholm f\u00f6r OS-fr\u00e5gan.<\/p>\n<p>Liberaler i \u00f6vriga landet s\u00e5g sina OS-dr\u00f6mmar g\u00e5 i kras genom beskedet den 12 oktober. I Svenska Dagbladet skrev ett antal f\u00f6retr\u00e4dare f\u00f6r Liberalerna, bl.a. fr\u00e5n Falun och Botkyrka, tv\u00e5 t\u00e4nkta \u201dOS-orter\u201d, f\u00f6ljande:<\/p>\n<p><em>\u201d<\/em><em>F\u00f6rminska inte fr\u00e5gan om ett vinter-OS till Stockholm till enbart en fr\u00e5ga om plus och minus. Vi kan g\u00f6ra ett vinter-OS till en symbol f\u00f6r ett demokratiskt, inkluderande Europa, d\u00e4r idrotten st\u00e5r f\u00f6r allas lika v\u00e4rde och allas lika m\u00f6jligheter.\u201d <\/em><\/p>\n<p><em> <\/em><\/p>\n<p><em>Ett vinter-OS i Sverige<\/em><em> <\/em><em>m\u00e5ste f\u00e5 en seri\u00f6s behandling. Alla fakta m\u00e5ste beaktas och granskas inte bara av Stockholms stad utan ocks\u00e5 av \u00f6vriga i Sverige som deltar i den svenska kandidaturen \u2013 \u00c5re, Falun, S\u00f6dert\u00e4lje, Botkyrka, J\u00e4rf\u00e4lla och Solna.\u201d <\/em><\/p>\n<p>Bland undertecknarna fanns ett antal personer som jag k\u00e4nner v\u00e4l. Flera \u00e4r, vid sidan av det politiska uppdraget, ocks\u00e5 uppskattade idrottsledare. De har under m\u00e5nga \u00e5r f\u00f6rs\u00f6kt f\u00e5 Liberalerna i Stockholms stad att bli positiva till vinter-OS i Sverige. Jag tyckte riktigt synd om dem den 12 oktober. De har verkligen f\u00f6rs\u00f6kt f\u00e5 sina v\u00e4nner i Stockholm att f\u00f6rst\u00e5 v\u00e4rdet av ett vinter-OS i Sverige och att ge dem kunskap om de nya ekonomiska f\u00f6ruts\u00e4ttningarna.<\/p>\n<p>Min fru Suzanne Liljegren, fullm\u00e4ktigeledamot f\u00f6r Liberalerna p\u00e5 Liding\u00f6, hade till Liberalernas l\u00e4nsf\u00f6rbunds \u00e5rsm\u00f6te den 11 mars 2017 (d\u00e4r ocks\u00e5 Stockholms stad \u00e4r med) skrivit en motion om att Liberalerna borde s\u00e4ga ja till vinter-OS 2026.<\/p>\n<p>Beslutet blev att Liberalerna i Stockholms l\u00e4n och stad skulle arrangera ett seminarium f\u00f6r en faktagenomg\u00e5ng av f\u00f6ruts\u00e4ttningarna och en diskussion om OS-planerna. Det har nu g\u00e5tt ett \u00e5r och nio m\u00e5nader. N\u00e5got s.k. samr\u00e5dsm\u00f6te har inte h\u00e5llits. Och inom n\u00e5gra dagar ska Stockholms liberaler ta st\u00e4llning definitivt. Hur kommer det sig att Stockholmsliberalernas beslut ska fattas utan att samr\u00e5det har h\u00e5llits och utan att samtala med \u00f6vriga l\u00e4nskommuner? Speciellt som alliansen den 12 oktober sa nej till vinter-OS 2026 med h\u00e4nvisning till att faktaunderlag saknades. Varf\u00f6r fattar Liberalerna i Stockholms stad egna beslut som avg\u00f6r hela idrottssveriges OS-dr\u00f6mmar, utan att f\u00f6rst s\u00e4tta sig in i fakta och utan att f\u00f6rst tala med \u00f6vriga l\u00e4nskommuner, som beslutet vid \u00e5rsm\u00f6tet var?<\/p>\n<p>Men nu vill jag ge Liberalerna ett tips. Partiet har nu en chans att genomf\u00f6ra n\u00e5got de redan b\u00f6rjade dr\u00f6mma om f\u00f6r \u00f6ver 50 \u00e5r sedan. Den\u00a028 februari 1966 motionerade d\u00e5varande Folkpartiet till Stockholms kommunfullm\u00e4ktige att Stockholm borde s\u00f6ka olympiska vinterspel (!).<\/p>\n<p>I b\u00f6rjan av 90-talet var folkpartisterna ocks\u00e5 fyllda av frustande OS-entusiasm. I ett brev, som s\u00e4ndes bl. a till Stockholmsidrottens specialdistriktsf\u00f6rbund n\u00e5gra dagar f\u00f6re valet i september 1991, skrev d\u00e5varande fritidsborgarr\u00e5det Lennart Rydberg (Fp):<\/p>\n<p><em>&#8221;\u00d6vriga partier har i \u00e5rets valr\u00f6relse anslutit sig till v\u00e5rt f\u00f6rslag att Stockholm ska s\u00f6ka sommar-OS. Jag bifogar mitt f\u00f6rslag i fr\u00e5gan och p\u00e5pekar samtidigt att b\u00e5de socialdemokraterna och moderaterna r\u00f6stade nej till f\u00f6rslaget i fullm\u00e4ktige.&#8221;<\/em><\/p>\n<p><em> <\/em><\/p>\n<p>Men andra partier lyssnade. Vid en presstr\u00e4ff den 2 april 1992 meddelade borgarr\u00e5den Carl Cederschi\u00f6ld (m), Mats Hulth (s) och Anna Lindh (s) att en bred politisk majoritet i Stockholm avs\u00e5g att s\u00f6ka OS 2004.<\/p>\n<p>I \u00e4rlighetens namn ska v\u00e4l s\u00e4gas, att initiativet kom fr\u00e5n Stockholms idrottsf\u00f6rbund, d\u00e4r jag var ordf\u00f6rande vid den tiden, och fr\u00e5n n\u00e4ringslivet i staden.<\/p>\n<p>D\u00e5 h\u00e4nde n\u00e5got med Folkpartiet. Nu var det dags att byta fot och budskap p\u00e5 valaffischerna. I Folkpartiets kommunala valkampanj i Stockholm 1994 kunde vi l\u00e4sa\u00a0<em>\u201dDagis ist\u00e4llet f\u00f6r OS\u201d.<\/em>I det valet f\u00f6rlorade partiet en tredjedel av sina mandat i fullm\u00e4ktige.\u00a0\u00a0I riksdagsvalet r\u00e4ckte det med en f\u00f6rlust p\u00e5 20 procent av mandaten. Fakta talar inte direkt f\u00f6r att \u201d<em>Nej till OS\u201d<\/em>skulle vara en s.k. valvinnare. Kanske n\u00e5got att t\u00e4nka p\u00e5 f\u00f6r ett parti som just i dessa dagar ska vara s\u00e4rskilt intresserat av att beh\u00e5lla v\u00e4ljarna. Att starta och underh\u00e5lla ett krig med idrottsr\u00f6relsen \u00e4r m\u00f6jligen modigt men inte s\u00e4rskilt klokt. Detta finns det flera exempel p\u00e5 fr\u00e5n landets kommuner, d\u00e4r nya och gamla majoriteter under h\u00f6sten har haft en f\u00f6rm\u00e5ga att frontalkrocka med idrotten.<\/p>\n<p>Och det \u00e4r inget fel att \u00e4ndra mening, n\u00e4r man f\u00e5r nya fakta.\u00a0<em>\u201dIngen kan f\u00f6rbjuda mej att bli klokare f\u00f6r var dag jag lever\u201d<\/em>, sa den v\u00e4sttyske f\u00f6rbundskanslern Konrad Adenauer. Det r\u00e5det \u00e4r bra. Det kan ocks\u00e5 duga \u00e5t liberaler i Stockholm.<\/p>\n","protected":false},"excerpt":{"rendered":"<p>Den nya politiska majoriteten (Den s.k. alliansen och Milj\u00f6partiet) hade knappast hittat till sina vackra tj\u00e4nsterum i Stockholms stadshus, innan de den 12 oktober ber\u00e4ttade, att n\u00e5got vinter-OS till Sverige 2026 inte l\u00e4ngre var aktuellt. Det nybakade kultur- och idrottsborgarr\u00e5det &hellip; <a href=\"https:\/\/www.slliljegren.se\/?p=1495\">Forts\u00e4tt l\u00e4sa <span class=\"meta-nav\">&rarr;<\/span><\/a><\/p>\n","protected":false},"author":1,"featured_media":0,"comment_status":"open","ping_status":"open","sticky":false,"template":"","format":"standard","meta":{"footnotes":""},"categories":[8],"tags":[],"class_list":["post-1495","post","type-post","status-publish","format-standard","hentry","category-liljegren-om-idrott"],"_links":{"self":[{"href":"https:\/\/www.slliljegren.se\/index.php?rest_route=\/wp\/v2\/posts\/1495","targetHints":{"allow":["GET"]}}],"collection":[{"href":"https:\/\/www.slliljegren.se\/index.php?rest_route=\/wp\/v2\/posts"}],"about":[{"href":"https:\/\/www.slliljegren.se\/index.php?rest_route=\/wp\/v2\/types\/post"}],"author":[{"embeddable":true,"href":"https:\/\/www.slliljegren.se\/index.php?rest_route=\/wp\/v2\/users\/1"}],"replies":[{"embeddable":true,"href":"https:\/\/www.slliljegren.se\/index.php?rest_route=%2Fwp%2Fv2%2Fcomments&post=1495"}],"version-history":[{"count":2,"href":"https:\/\/www.slliljegren.se\/index.php?rest_route=\/wp\/v2\/posts\/1495\/revisions"}],"predecessor-version":[{"id":1497,"href":"https:\/\/www.slliljegren.se\/index.php?rest_route=\/wp\/v2\/posts\/1495\/revisions\/1497"}],"wp:attachment":[{"href":"https:\/\/www.slliljegren.se\/index.php?rest_route=%2Fwp%2Fv2%2Fmedia&parent=1495"}],"wp:term":[{"taxonomy":"category","embeddable":true,"href":"https:\/\/www.slliljegren.se\/index.php?rest_route=%2Fwp%2Fv2%2Fcategories&post=1495"},{"taxonomy":"post_tag","embeddable":true,"href":"https:\/\/www.slliljegren.se\/index.php?rest_route=%2Fwp%2Fv2%2Ftags&post=1495"}],"curies":[{"name":"wp","href":"https:\/\/api.w.org\/{rel}","templated":true}]}}