{"id":1779,"date":"2019-06-26T12:03:52","date_gmt":"2019-06-26T12:03:52","guid":{"rendered":"http:\/\/www.slliljegren.se\/?p=1779"},"modified":"2019-06-26T12:03:52","modified_gmt":"2019-06-26T12:03:52","slug":"de-tog-spelen-%e2%80%93-men-lat-oss-ta-medaljerna","status":"publish","type":"post","link":"https:\/\/www.slliljegren.se\/?p=1779","title":{"rendered":"De tog spelen \u2013 men l\u00e5t oss ta medaljerna!"},"content":{"rendered":"<p>Svensk idrotts dr\u00f6m om att f\u00e5 arrangera olympiska spel p\u00e5 hemmaplan dog i Lausanne h\u00e4romdagen. Vinterspelen 2026 g\u00e5r till Milano-Cortina.<\/p>\n<p>D\u00e4rmed f\u00f6rlorar svensk idrott den h\u00e4vst\u00e5ng till framtida framg\u00e5ngar som ett eget OS inneb\u00e4r. L\u00e5t oss ta n\u00e5gra exempel.<\/p>\n<p><strong>OS som h\u00e4vst\u00e5ng f\u00f6r idrotten<\/strong><\/p>\n<p>Efter succ\u00e9n med OS i London 2012 \u00f6kade de engelska statliga\u00a0satsningarna inf\u00f6r OS och Paralympics i Rio 2016 med 13 procent. Inf\u00f6r OS i London fick de brittiska seglarna lika mycket resurser som hela den svenska olympiatruppen tillsammans.<\/p>\n<p>1, 4 miljoner fler britter deltog i idrottsaktiviteter varje vecka, sedan London tilldelades OS \u00e5r 2005. 11 miljarder (!) svenska kronor investerades i idrott och h\u00e4lsa f\u00f6r barn och ungdomar.<\/p>\n<p>Spanien vann 13 guldmedaljer i Barcelona 1992 efter att ha f\u00e5tt n\u00f6ja sig med fyra under hela OS-historien dittills.<\/p>\n<p>Norge lyfte sig som idrottsnation efter beslutet om OS till Lillehammer 1994. Vinterspelen gav stark kraft ocks\u00e5 till sommaridrotterna. Sponsorerna \u00f6kade sina satsningar p\u00e5 f\u00f6rbund, enskilda idrottsut\u00f6vare men ocks\u00e5 p\u00e5 forskning och prestationsutveckling. Mer pengar gick till Norges Idrottsh\u00f6gskola och Olympiatoppen. Den norska olympiska satsningen blev en succ\u00e9, inte minst i m\u00e5nga sommaridrotter. Namn som Hoen (h\u00f6jdhopp), Moen (sprint) och Hattestad (spjut) d\u00f6k upp p\u00e5 prispallarna i var och varannan sommart\u00e4vling under b\u00f6rjan och mitten av 90-talet. Vebj\u00f6rn Rodals guldtriumf p\u00e5 800 meter i Atlanta 1996 var symbolen f\u00f6r Norges guldsatsning.<\/p>\n<p><strong>F\u00f6rklaringarna<\/strong><\/p>\n<p>IOK:s ordf\u00f6rande Thomas Bach f\u00f6rklarade Sveriges f\u00f6rlust med bristen p\u00e5 folkligt och politiskt st\u00f6d, framf\u00f6r allt i Stockholm. Till f\u00f6rklaringarna h\u00f6r ocks\u00e5 att Stockholms ans\u00f6kan byggde p\u00e5 IOK:s nya agenda och norm, medan de ledam\u00f6ter som r\u00f6stade f\u00f6r Milano-Cortina fortfarande var kvar i de gamla ans\u00f6kningsprincipernas historia med f\u00f6rlustgarantier fr\u00e5n staten och bindande avtal med arrang\u00f6rsst\u00e4derna. N\u00e5got s\u00e5dant kunde inte Sverige erbjuda. Och skulle enligt de nya reglerna inte beh\u00f6va det heller.<\/p>\n<p>Stockholm hade inte skrivit under kontraktet som arrang\u00f6rsstad om Sverige vunnit. Det hade ist\u00e4llet \u00c5re f\u00e5tt g\u00f6ra. S\u00e5dant imponerar inte p\u00e5 IOK.<\/p>\n<p><strong>N\u00e5got som katten har sl\u00e4pat in<\/strong><\/p>\n<p>Fr\u00e5n f\u00f6rsta stund har den styrande borgerliga majoriteten och milj\u00f6partiet behandlat fr\u00e5gan om OS till Stockholm som n\u00e5got som katten har sl\u00e4pat in.<\/p>\n<p>IOK beslutade i oktober f\u00f6rra \u00e5ret om att l\u00e5ta Sverige vara ett kandidatland. Det skedde vi en session i Buenos Aries.<\/p>\n<p>Dagarna efter samlades de borgerliga partiernas f\u00f6retr\u00e4dare i Stockholms stadshus tillsammans med den tidigare \u00e4rkefienden Milj\u00f6partiet f\u00f6r att dra upp riktlinjerna efter valsegern. Ett av de f\u00f6rsta beskeden vid presskonferensen var att planerna p\u00e5 OS och Paralympics 2026 till Sverige var nedgr\u00e4vda.<\/p>\n<p>Det nyblivna finansborgarr\u00e5det, Anna K\u00f6nig Jerlmyr, sa att\u00a0<em>\u201ddet saknas tydliga underlag f\u00f6r ett vinter-OS just nu.\u201d<\/em>Karin Ernlund som skulle f\u00e5 bli borgarr\u00e5d f\u00f6r bl.a. kultur- och idrottsfr\u00e5gor fyllde i med att\u00a0<em>\u201dvi kan inte g\u00f6ra bed\u00f6mningen att man kan st\u00e5 som v\u00e4rd 2026.\u201d<\/em><\/p>\n<p><strong>Lysande presentationer i Lausanne<\/strong><\/p>\n<p><strong> <\/strong><\/p>\n<p>Men trots denna katastrofala f\u00f6ruts\u00e4ttning baxade SOK hela ans\u00f6kan fram till ett avg\u00f6rande i Lausanne.<\/p>\n<p>De svenska presentationerna var lysande.Och Stefan L\u00f6fven var lysande, men naturligtvis alldeles f\u00f6r sent. Regeringens tydliga st\u00f6d hade beh\u00f6vts tidigt.<\/p>\n<p>Men jag blev s\u00e5 glad \u00f6ver hans insats, att jag n\u00e4stan gl\u00f6mde bort att han har l\u00e4st upp regeringsf\u00f6rklaringar utan att n\u00e4mna ordet \u201didrott\u201d, \u00e4n mindre vad regeringen vill g\u00f6ra f\u00f6r att st\u00e4rka den. S\u00e4rskilt viktigt \u00e4r \u00f6kat statligt st\u00f6d och satsningar f\u00f6r att g\u00f6ra det m\u00f6jligt att kombinera elitidrott och utbildning \u2013 en n\u00f6dv\u00e4ndig f\u00f6ruts\u00e4ttning f\u00f6r det land som ocks\u00e5 vill ha medaljer i OS. D\u00e4r ligger vi l\u00e5ngt efter andra.<\/p>\n<p><strong>Idrottens politiska svans<\/strong><\/p>\n<p>Jag fick gnugga mej i \u00f6gonen flera g\u00e5nger, n\u00e4r jag s\u00e5g vilka som ingick i den svenska delegationen i Lausanne. D\u00e4r stod nu ocks\u00e5 de ledande politiska f\u00f6retr\u00e4darna fr\u00e5n Stockholm och fj\u00e4drade sig tillsammans med seri\u00f6st idrottsintresserade f\u00f6retr\u00e4dare som statsministern och Kronprinsessan Victoria. Idrottens politiska svans hade haft r\u00e5d att k\u00f6pa m\u00e5nga biljetter.<\/p>\n<p>Hyckleriet n\u00e5dde ibland episka h\u00f6jder. Stockholms kommunstyrelseordf\u00f6rande Anna K\u00f6nig Jerlmyr (m), som formellt har lett det politiska motst\u00e5ndet mot OS i Sverige, fick pl\u00e4dera f\u00f6r Sverige och Stockholm. Som om detta inte vore nog sj\u00f6ng hon ocks\u00e5 n\u00e5gra strofer fr\u00e5n ABBA:s \u201dDancing queen\u201d i talarstolen. Sjunga kan hon denna fantastiskt trevliga och \u00e4ven idrottsintresserade kvinna.<\/p>\n<p>Jag s\u00e5g ocks\u00e5 ett antal idrottsledare som har gjort alldeles f\u00f6r lite p\u00e5 hemmaplan.<\/p>\n<p><strong>Imponerande arbete<\/strong><\/p>\n<p>Jag har p\u00e5 mycket n\u00e4ra h\u00e5ll f\u00f6ljt SOK:s arbete och \u00e4r imponerad av insatserna. Det var n\u00e4ra att fina idrottsledare gjorde det om\u00f6jliga m\u00f6jligt. Speciellt har jag sett gode v\u00e4nnen Per Palmstr\u00f6ms arbete. Han \u00e4r nu vice ordf\u00f6rande i SOK och var tidigare detsamma i Svenska F\u00e4ktf\u00f6rbundet, n\u00e4r jag var ordf\u00f6rande. Jag \u00e4r imponerad \u00f6ver b\u00e5de engagemanget och insatserna, som inte alltid har n\u00e5tt offentligheten, och ska inte det heller.<\/p>\n<p><strong>Brister i kommunikationen<\/strong><\/p>\n<p>Idrottens insatser f\u00f6r kommunikationen har varit d\u00e5lig. Jag saknade \u00e5terkommande presstr\u00e4ffar, ocks\u00e5 i regionerna, f\u00f6r att ber\u00e4tta om IOK:s nya regler f\u00f6r ans\u00f6kningar och om det nya ekonomiska st\u00f6det. Det hade kunnat reducera m\u00e4ngder av journalistiska bottennapp, som byggde p\u00e5 tidigare f\u00f6ruts\u00e4ttningar f\u00f6r ans\u00f6kningar.<\/p>\n<p>En professor i turistekonomi har f\u00e5tt stor plats sedan f\u00f6rra h\u00f6sten. Han s\u00e5gade de ekonomiska f\u00f6ruts\u00e4ttningarna genom att h\u00e4nvisa till det ekonomiska resultatet vid sommar-OS i Montreal 1976! Och lite s\u00e5 har det fortsatt. Under vilken sten har han och ett antal oinformerade journalister sovit sedan IOK:s nya regler antogs?<\/p>\n<p>Alltf\u00f6r m\u00e5nga f\u00f6rbund har gjort allt f\u00f6r litet. Svenska F\u00e4ktf\u00f6rbundet, av alla, gav sitt st\u00f6d genom styrelseuttalande och artiklar p\u00e5 hemsidan.<\/p>\n<p>Vinterf\u00f6rbunden har inte gett det kraftfulla st\u00f6d som fr\u00e5gan \u00e4r v\u00e4rd.<\/p>\n<p>SOK:s ordf\u00f6rande Mats \u00c5rjes har varit n\u00e4st intill osynlig i den offentliga debatten. Det tror jag har varit olyckligt. Mats \u00c5rjes har trov\u00e4rdighet och kompetens.<\/p>\n<p>Ist\u00e4llet har RF:s ordf\u00f6rande Bj\u00f6rn Eriksson deltagit i n\u00e5gra TV-samtal utan att vara s\u00e5 f\u00f6rberedd med fakta och argument som fr\u00e5gan kr\u00e4vde, och som vi har r\u00e4tt att v\u00e4nta oss av en heltidsarvoderad ordf\u00f6rande.<\/p>\n<p>P\u00e5 n\u00e4ra h\u00e5ll har jag sett Stockholms Idrottsf\u00f6rbunds opinionsbildning f\u00f6r vinter-OS. Begreppet saknades helt i verksamhetsplanen f\u00f6r 2019 och har knappast funnits med som \u00e4mne vid de senaste \u00e5rsm\u00f6tena. Annorlunda var det inf\u00f6r 2004. D\u00e5 var det Stockholms Idrottsf\u00f6rbund, d\u00e4r jag sj\u00e4lv var ordf\u00f6rande, som aktualiserade\u00a0tanken p\u00e5 sommar-OS till Stockholm. Vi lyckades f\u00e5 med oss de tunga politikerna. Och s\u00e5 hakade ocks\u00e5 SOK och RF p\u00e5. Regering och riksdag st\u00e4llde upp. Men ocks\u00e5 den dr\u00f6mmen dog i Lausanne 1997.<\/p>\n<p><strong>L\u00e5t oss ta medaljerna!<\/strong><\/p>\n<p>Men det h\u00e4r \u00e4r egentligen detaljer.<\/p>\n<p>Fantastiska ledare \u00f6verallt i svensk idrott var n\u00e4ra att g\u00f6ra det om\u00f6jliga m\u00f6jligt. Det har imponerat p\u00e5 mej.<\/p>\n<p>Nu hoppas jag att den \u201didrottens politiska svans\u201d som fick f\u00f6lja med och fj\u00e4dra sig i Lausanne \u00e5ker hem, samlar ihop sig \u00f6ver blockgr\u00e4nserna och fr\u00e5gar: \u201dVad kan vi nu g\u00f6ra tillsammans f\u00f6r att st\u00e4rka den svenska idrotten, inte minst idrotten i Stockholm?\u201d<\/p>\n<p>Kanske kan vi alla s\u00e4ga som Olof Stenhammar, kampanjgeneral f\u00f6r OS 2004, d\u00e4r jag sj\u00e4lv var med i styrelsen:<em>\u201dDe tog spelen, men vi ska ta medaljerna!\u201d<\/em><\/p>\n","protected":false},"excerpt":{"rendered":"<p>Svensk idrotts dr\u00f6m om att f\u00e5 arrangera olympiska spel p\u00e5 hemmaplan dog i Lausanne h\u00e4romdagen. Vinterspelen 2026 g\u00e5r till Milano-Cortina. D\u00e4rmed f\u00f6rlorar svensk idrott den h\u00e4vst\u00e5ng till framtida framg\u00e5ngar som ett eget OS inneb\u00e4r. L\u00e5t oss ta n\u00e5gra exempel. OS &hellip; <a href=\"https:\/\/www.slliljegren.se\/?p=1779\">Forts\u00e4tt l\u00e4sa <span class=\"meta-nav\">&rarr;<\/span><\/a><\/p>\n","protected":false},"author":1,"featured_media":0,"comment_status":"open","ping_status":"open","sticky":false,"template":"","format":"standard","meta":{"footnotes":""},"categories":[8],"tags":[],"class_list":["post-1779","post","type-post","status-publish","format-standard","hentry","category-liljegren-om-idrott"],"_links":{"self":[{"href":"https:\/\/www.slliljegren.se\/index.php?rest_route=\/wp\/v2\/posts\/1779","targetHints":{"allow":["GET"]}}],"collection":[{"href":"https:\/\/www.slliljegren.se\/index.php?rest_route=\/wp\/v2\/posts"}],"about":[{"href":"https:\/\/www.slliljegren.se\/index.php?rest_route=\/wp\/v2\/types\/post"}],"author":[{"embeddable":true,"href":"https:\/\/www.slliljegren.se\/index.php?rest_route=\/wp\/v2\/users\/1"}],"replies":[{"embeddable":true,"href":"https:\/\/www.slliljegren.se\/index.php?rest_route=%2Fwp%2Fv2%2Fcomments&post=1779"}],"version-history":[{"count":2,"href":"https:\/\/www.slliljegren.se\/index.php?rest_route=\/wp\/v2\/posts\/1779\/revisions"}],"predecessor-version":[{"id":1781,"href":"https:\/\/www.slliljegren.se\/index.php?rest_route=\/wp\/v2\/posts\/1779\/revisions\/1781"}],"wp:attachment":[{"href":"https:\/\/www.slliljegren.se\/index.php?rest_route=%2Fwp%2Fv2%2Fmedia&parent=1779"}],"wp:term":[{"taxonomy":"category","embeddable":true,"href":"https:\/\/www.slliljegren.se\/index.php?rest_route=%2Fwp%2Fv2%2Fcategories&post=1779"},{"taxonomy":"post_tag","embeddable":true,"href":"https:\/\/www.slliljegren.se\/index.php?rest_route=%2Fwp%2Fv2%2Ftags&post=1779"}],"curies":[{"name":"wp","href":"https:\/\/api.w.org\/{rel}","templated":true}]}}