{"id":1835,"date":"2019-10-16T10:46:42","date_gmt":"2019-10-16T10:46:42","guid":{"rendered":"http:\/\/www.slliljegren.se\/?p=1835"},"modified":"2019-10-17T10:30:10","modified_gmt":"2019-10-17T10:30:10","slug":"ge-svensk-idrott-en-ledning","status":"publish","type":"post","link":"https:\/\/www.slliljegren.se\/?p=1835","title":{"rendered":"Ge svensk idrott en ledning!"},"content":{"rendered":"<p><em>\u201dAnders lunch.\u201d <\/em>S\u00e5 stod det p\u00e5 tv\u00e5 dagar i min kalender den senaste veckan. Den ene Anders, relativt ung, leder ett stort och folkk\u00e4rt f\u00f6rbund med stora kommersiella int\u00e4kter. Han fick nyss tr\u00e4ffa p\u00e5ven p\u00e5 den internationella kongressen i Rom och kunde ocks\u00e5 \u00e5ka hem med ett beslut om VM till Sverige 2025.<\/p>\n<p>Den andre Anders, lite \u00e4ldre och med ytterst kvalificerat ledarskap i f\u00f6rsvaret p\u00e5 meritlistan, leder ett f\u00f6rbund med stora framg\u00e5ngar i den svenska idrottshistorien. N\u00e5gra av oss minns b\u00e5da Lasse Halls guldmedaljer i Helsingfors 1952 och i Melbourne 1956 och lagets brons i Moskva 1980. Han och alla i f\u00f6rbundet hoppas nu stort p\u00e5 de f\u00e5, men duktiga, idrottare som nu \u00e5terigen kan vara p\u00e5 v\u00e4g mot de internationella arenornas prispallar. Han har ocks\u00e5 under flera \u00e5r f\u00f6ljt den breda barn- och ungdomsidrotten genom barnens fotboll och simning.<\/p>\n<p>Anders Larsson i Ishockeyf\u00f6rbundet och Anders Emanuelsson i M\u00e5ngkampsf\u00f6rbundet \u2013 tv\u00e5 fina ledare med en gemensam ambition, att utveckla och h\u00e5lla ihop den svenska idrottsr\u00f6relsen.<\/p>\n<p>L\u00e5t oss b\u00f6rja med lite statistik fr\u00e5n de tv\u00e5 f\u00f6rbunden.<\/p>\n<table border=\"0\" cellspacing=\"0\" cellpadding=\"0\">\n<tbody>\n<tr>\n<td width=\"88\" valign=\"top\"><\/td>\n<td colspan=\"2\" width=\"201\" valign=\"top\"><em>Lokalt aktivitetsst\u00f6d, antal deltagartillf\u00e4llen<\/em><\/td>\n<td width=\"51\" valign=\"top\"><em>%<\/em><\/td>\n<td colspan=\"2\" width=\"188\" valign=\"top\"><em>Antal f\u00f6reningar<\/em><\/td>\n<td width=\"39\" valign=\"top\"><em>%<\/em><\/td>\n<\/tr>\n<tr>\n<td width=\"88\" valign=\"top\"><\/td>\n<td width=\"87\" valign=\"top\"><em>2007<\/em><\/td>\n<td width=\"115\" valign=\"top\"><em>2017<\/em><\/td>\n<td width=\"51\" valign=\"top\"><em> <\/em><\/td>\n<td width=\"104\" valign=\"top\"><em>2007<\/em><\/td>\n<td width=\"84\" valign=\"top\"><em>2017<\/em><\/td>\n<td width=\"39\" valign=\"top\"><em> <\/em><\/td>\n<\/tr>\n<tr>\n<td width=\"88\" valign=\"top\">Ishockey<\/td>\n<td width=\"87\" valign=\"top\">4391182<\/td>\n<td width=\"115\" valign=\"top\">4361772<\/td>\n<td width=\"51\" valign=\"top\">-1<\/td>\n<td width=\"104\" valign=\"top\">643<\/td>\n<td width=\"84\" valign=\"top\">552<\/td>\n<td width=\"39\" valign=\"top\">-14<\/td>\n<\/tr>\n<tr>\n<td width=\"88\" valign=\"top\">M\u00e5ngkamp<\/td>\n<td width=\"87\" valign=\"top\">5 227<\/td>\n<td width=\"115\" valign=\"top\">6 063<\/td>\n<td width=\"51\" valign=\"top\">+ 16<\/td>\n<td width=\"104\" valign=\"top\">99<\/td>\n<td width=\"84\" valign=\"top\">82<\/td>\n<td width=\"39\" valign=\"top\">-17<\/td>\n<\/tr>\n<\/tbody>\n<\/table>\n<p>B\u00e5da f\u00f6rbunden har tappat f\u00f6reningar. Ishockeyns ungdomsaktivitet har minskat, medan M\u00e5ngkampens har \u00f6kat. Det har skett genom en utveckling av idrotten, som har gjort det allt roligare f\u00f6r unga att vara med i m\u00e5ngkampen.<\/p>\n<p>Det f\u00f6ljer m\u00f6nstret. De stora lagidrotternas aktivitet minskar, medan de mindre individuella idrotterna \u00f6kar. Alla vet vi om, att de stora lagidrotterna tar mest stryk av det faktum att tusentals m\u00e4nniskor flyttar till de storstadsomr\u00e5den, d\u00e4r anl\u00e4ggningarna inte finns.<\/p>\n<p>M\u00e5nga sm\u00e5 f\u00f6rbund ser nu ut att bli av med en stor andel av sitt centrala st\u00f6d, n\u00e4r de inte n\u00e5r upp till tillr\u00e4ckligt antal sammankomster f\u00f6r lokalt aktivitetsst\u00f6d eller antal f\u00f6reningar. K\u00e4cka tj\u00e4nstem\u00e4n p\u00e5 RF-kansliet och ledam\u00f6ter i Riksidrottsstyrelsen uppmanar f\u00f6retr\u00e4dare f\u00f6r de sm\u00e5 f\u00f6rbunden att sl\u00e5 sig samman med de st\u00f6rre. S\u00e5 talar pratmakare utan erfarenhet av att leda f\u00f6rbund och utan k\u00e4nsla f\u00f6r idrottens v\u00e4sen. S\u00e5 g\u00f6r myndigheter och f\u00f6retag. Det \u00e4r sv\u00e5rare, f\u00f6r att inte s\u00e4ga om\u00f6jligt eller ol\u00e4mpligt, att g\u00f6ra det med organisationer som har sj\u00e4l och hj\u00e4rta.<\/p>\n<p>Omgivningen utanf\u00f6r idrotten f\u00f6rv\u00e5nas nu \u00f6ver att landets st\u00f6rsta folkr\u00f6relse \u00e4r den enda som systematiskt f\u00f6rs\u00f6ker g\u00f6ra sig av med medlemmar.<\/p>\n<p>Nu har de mindre f\u00f6rbunden av RF f\u00e5tt reda p\u00e5, att historiska siffror ska ligga till grund f\u00f6r bed\u00f6mningen av vilka som ska f\u00e5 l\u00e4mna organisationen eller f\u00e5 mindre st\u00f6d. Det sj\u00e4lvklara alternativet hade ju varit att t.ex. l\u00e5ta 2022 \u00e5rs siffror bilda underlag f\u00f6r bed\u00f6mningen. En s\u00e5dan framtidssignal skapar engagemang och kamplust och en vilja att f\u00f6rb\u00e4ttra sig. De nuvarande beskeden om retroaktivitet skapar missmod och f\u00f6rtvivlan.<\/p>\n<p>Jag vet vad jag pratar om. I F\u00e4ktf\u00f6rbundet b\u00f6rjade vi m\u00e4ta och f\u00f6lja viktiga nyckeltal. Och efter n\u00e5got \u00e5r gav det resultat. Med stor stolthet skrev jag f\u00f6ljande i en verksamhetsber\u00e4ttelse f\u00f6r Svenska F\u00e4ktf\u00f6rbundet:<\/p>\n<p><em>\u201dOm Svenska F\u00e4ktf\u00f6rbundets \u00f6kning hade varit svensk idrotts, skulle antalet <\/em><em>aktivitetstillf\u00e4llen ha varit 72 miljoner ist\u00e4llet f\u00f6r 52 miljoner \u00e5r 2013\u201d.<\/em><\/p>\n<p>N\u00e4r jag talar med de b\u00e5da ringer Leif \u00d6stlings fr\u00e5ga i huvudet:\u00a0<em>\u201dVad fan f\u00e5r jag f\u00f6r pengarna?\u201d <\/em>Det var l\u00e4tt att svara honom. Han fick bl.a. en kostnadsfri civilekonomutbildning vid G\u00f6teborgs universitet och en civilingenj\u00f6rsutbildning vid Chalmers.<\/p>\n<p>Det \u00e4r mycket sv\u00e5rare att ber\u00e4tta vilken nytta M\u00e5ngkampsf\u00f6rbundet och Ishockeyf\u00f6rbundet har av alla de statliga pengar som g\u00e5r till RF. Och f\u00f6r M\u00e5ngkampens del \u00e4r man dessutom p\u00e5 v\u00e4g att f\u00f6rlora den lilla r\u00e4nnil som tar sig f\u00f6rbi RF-kansliet.<\/p>\n<p>Sex stora f\u00f6rbund (ishockey, handboll, fotboll, basket, simning och bandy) gjorde sin \u201d\u00d6stling\u201d i en motion till RF-st\u00e4mman i v\u00e5ras. Den hade den tr\u00e4ffande rubriken \u201d<em>En slagkraftig organisation p\u00e5 central och regional niv\u00e5 med idrotten i fokus.\u201d <\/em><\/p>\n<p><em> <\/em><\/p>\n<p>\u00c4ven om motionen var mycket allm\u00e4nt skriven, \u00e4r det ingen hemlighet vad den handlade om. Det var en kritik mot att basst\u00f6det till SF inte har \u00f6kat, samtidigt som RF:s personalkostnader \u00f6kade med 17 procent p\u00e5 tv\u00e5 \u00e5r. Det var en kritik mot alla de \u201dpolitiska best\u00e4llningar\u201d som regering och riksdag gjort. Det kallas \u201dskolsatsning\u201d, \u201detableringsst\u00f6d f\u00f6r nyanl\u00e4nda\u201d, \u201didrottsaktivitet f\u00f6r \u00e4ldre\u201d och mycket annat. N\u00e4r jag sj\u00e4lv r\u00e4knade, fick jag ihop\u00a0130 miljoner kronor per \u00e5r, som svensk idrott, om ledarna sj\u00e4lva hade f\u00e5tt v\u00e4lja, skulle ha anv\u00e4nt p\u00e5 ett helt annat s\u00e4tt. Varf\u00f6r v\u00e5gade inte Riksidrottsstyrelsen s\u00e4ga nej till de mest provocerande tokigheterna?<\/p>\n<p>N\u00e4r jag pratar med dessa tv\u00e5 f\u00f6rbundsordf\u00f6randen, konstaterar jag, att f\u00f6r dem f\u00e5r varje beslut en mycket konkret betydelse i det egna f\u00f6rbundet. De besj\u00e4las ocks\u00e5 av ambitionen att h\u00e5lla ihop svensk idrottsr\u00f6relse. Och jag st\u00e4ller den naturliga fr\u00e5gan: \u201d<em>Varf\u00f6r \u00e4r inte b\u00e5da redan med i Riksidrottsstyrelsen?\u201d<\/em><\/p>\n<p><em> <\/em><\/p>\n<p>I tolv \u00e5r var jag sj\u00e4lv med d\u00e4r. En stor andel av oss var p\u00e5 den tiden f\u00f6rbundsordf\u00f6randen i special- eller distriktsf\u00f6rbund. Den leddes av Arne Ljungqvist.<\/p>\n<p>Med en b\u00e4ttre ledning skulle m\u00e5nga tokigheter under senare \u00e5r ha kunnat undvikas. Av de 10 ordinarie ledam\u00f6terna \u00e4r endast en (!) f\u00f6rbundsordf\u00f6rande. N\u00e5gra har en g\u00e5ng varit det. Att de allra flesta \u00e4r v\u00e4nliga och trevliga personer \u00e4r en helt annan historia.<\/p>\n<p>I RF:s valberedning \u00e4r det dessutom s\u00e5 fantastiskt, att ingen, fram till st\u00e4mman 2019, hade varit med i den Riksidrottsstyrelse som man ska f\u00f6resl\u00e5 kandidater till. Nu finns en med den erfarenheten.<\/p>\n<p>Det \u00e4r ingen hemlighet att flera stora f\u00f6rbund med stora kommersiella int\u00e4kter nu p\u00e5 allvar diskuterar om man ska ta ett ansvar och engagera sig b\u00e4ttre i RF-diskussionen eller mer eller mindre klara sig utan RF.<em> <\/em><\/p>\n<p>Samtliga specialf\u00f6rbund borde b\u00f6rja med att konstatera, att den yttersta ledningen inte \u00e4r n\u00e5got f\u00f6r ledarskapets l\u00e4ttmatroser. Ge svensk idrott den ledning landets st\u00f6rsta folkr\u00f6relse f\u00f6rtj\u00e4nar!<\/p>\n","protected":false},"excerpt":{"rendered":"<p>\u201dAnders lunch.\u201d S\u00e5 stod det p\u00e5 tv\u00e5 dagar i min kalender den senaste veckan. Den ene Anders, relativt ung, leder ett stort och folkk\u00e4rt f\u00f6rbund med stora kommersiella int\u00e4kter. Han fick nyss tr\u00e4ffa p\u00e5ven p\u00e5 den internationella kongressen i Rom &hellip; <a href=\"https:\/\/www.slliljegren.se\/?p=1835\">Forts\u00e4tt l\u00e4sa <span class=\"meta-nav\">&rarr;<\/span><\/a><\/p>\n","protected":false},"author":1,"featured_media":0,"comment_status":"open","ping_status":"open","sticky":false,"template":"","format":"standard","meta":{"footnotes":""},"categories":[8],"tags":[],"class_list":["post-1835","post","type-post","status-publish","format-standard","hentry","category-liljegren-om-idrott"],"_links":{"self":[{"href":"https:\/\/www.slliljegren.se\/index.php?rest_route=\/wp\/v2\/posts\/1835","targetHints":{"allow":["GET"]}}],"collection":[{"href":"https:\/\/www.slliljegren.se\/index.php?rest_route=\/wp\/v2\/posts"}],"about":[{"href":"https:\/\/www.slliljegren.se\/index.php?rest_route=\/wp\/v2\/types\/post"}],"author":[{"embeddable":true,"href":"https:\/\/www.slliljegren.se\/index.php?rest_route=\/wp\/v2\/users\/1"}],"replies":[{"embeddable":true,"href":"https:\/\/www.slliljegren.se\/index.php?rest_route=%2Fwp%2Fv2%2Fcomments&post=1835"}],"version-history":[{"count":15,"href":"https:\/\/www.slliljegren.se\/index.php?rest_route=\/wp\/v2\/posts\/1835\/revisions"}],"predecessor-version":[{"id":1851,"href":"https:\/\/www.slliljegren.se\/index.php?rest_route=\/wp\/v2\/posts\/1835\/revisions\/1851"}],"wp:attachment":[{"href":"https:\/\/www.slliljegren.se\/index.php?rest_route=%2Fwp%2Fv2%2Fmedia&parent=1835"}],"wp:term":[{"taxonomy":"category","embeddable":true,"href":"https:\/\/www.slliljegren.se\/index.php?rest_route=%2Fwp%2Fv2%2Fcategories&post=1835"},{"taxonomy":"post_tag","embeddable":true,"href":"https:\/\/www.slliljegren.se\/index.php?rest_route=%2Fwp%2Fv2%2Ftags&post=1835"}],"curies":[{"name":"wp","href":"https:\/\/api.w.org\/{rel}","templated":true}]}}