{"id":1893,"date":"2020-01-27T18:00:38","date_gmt":"2020-01-27T18:00:38","guid":{"rendered":"http:\/\/www.slliljegren.se\/?p=1893"},"modified":"2020-01-27T18:00:38","modified_gmt":"2020-01-27T18:00:38","slug":"vilka-ska-leda-svensk-idrott","status":"publish","type":"post","link":"https:\/\/www.slliljegren.se\/?p=1893","title":{"rendered":"Vilka ska leda svensk idrott?"},"content":{"rendered":"<p>H\u00e4romdagen kom ett mail fr\u00e5n en god v\u00e4n, en av svensk idrotts mest erfarna ledare. Under m\u00e5nga \u00e5r har han varit en h\u00e5rt arbetande ordf\u00f6rande, utan ers\u00e4ttning, i ett mindre f\u00f6rbund. S\u00e5 h\u00e4r skrev han:<\/p>\n<p><em>\u201dVar p\u00e5 ordf\u00f6randetr\u00e4ff med RF i Stockholm ig\u00e5r. Tr\u00e4ffade valberedningen vid ett m\u00f6te efter tr\u00e4ffen d\u00e4r vi fick h\u00f6ra att Bj\u00f6rn Eriksson avg\u00e5r vid n\u00e4sta RIM.<\/em><\/p>\n<p><em> <\/em><\/p>\n<p><em>Vad ska det vara f\u00f6r profil p\u00e5 kommande ordf\u00f6rande? Vi beh\u00f6ver en ordf\u00f6rande med kunskap och erfarenhet som jobbar f\u00f6r hela idrottsr\u00f6relsen, inte bara f\u00f6r de stora f\u00f6rbunden\u201d. <\/em><\/p>\n<p><em> <\/em><\/p>\n<p>Den inst\u00e4llningen \u00e4r inte sv\u00e5r att f\u00f6rst\u00e5. Framf\u00f6rallt inte f\u00f6r den som har ett femton\u00e5rigt perspektiv. Riksidrottsledningar har under m\u00e5nga \u00e5r \u00e4gnat sig \u00e5t allvarliga dikesk\u00f6rningar. F\u00f6rklaringarna har varit m\u00e5nga genom \u00e5ren. Brist p\u00e5 kunskap och erfarenhet. On\u00f6diga organisationskrig med SOK ist\u00e4llet f\u00f6r h\u00e5rt arbete med det man \u00e4r satt att sk\u00f6ta. Men ocks\u00e5 brist p\u00e5 inlevelse i olika f\u00f6rbunds villkor.<\/p>\n<p>Att \u00e5terigen f\u00e5 upp svensk idrott ur diket kommer att kr\u00e4va ett helt annat ledarskap \u00e4n det svensk idrott har haft under 15 \u00e5r. Bekymren \u00e4r m\u00e5nga. En kompetent ledning saknas. Det handlar inte endast om den framtida ordf\u00f6randen.<\/p>\n<p><strong>Trist utveckling<\/strong><\/p>\n<p>Under \u00e5ren 2008 \u2013\u00a02014 minskade det totala statliga st\u00f6det till idrotten fr\u00e5n 1 982 miljoner kronor till 1 866 miljoner kronor.\u00a0\u00a02020 \u00e4r st\u00f6det 1\u00a0974\u00a0miljoner. Idrotten f\u00e5r \u00e5tta miljoner mindre nu \u00e4n 2008!<\/p>\n<p>Basst\u00f6det till specialf\u00f6rbunden var 330 miljoner kronor 2016 och lika stort 2018. Under samma tid \u00f6kade RF:s personalkostnader med 17 procent, fr\u00e5n 88\u00a0196\u00a0000 kronor till 102\u00a0951 000.<\/p>\n<p>Idrottens st\u00e4llning i samh\u00e4llsdebatten har f\u00f6rs\u00e4mrats kraftigt. Knappast n\u00e5gon regeringsf\u00f6rklaring har inneh\u00e5llit idrott. Och den s.k. J\u00f6ken, uppg\u00f6relsen mellan regeringspartierna och mittenpartierna fr\u00e5n januari 2019, inneh\u00f6ll 73 (!) punkter. Ingen enda om idrott.<\/p>\n<p>Riksidrottsstyrelsen har tagit initiativ till att mindre f\u00f6rbund ska sl\u00e5 sig samman. De f\u00f6rbund som inte uppn\u00e5r de nya gr\u00e4nserna f\u00f6r antalet f\u00f6reningar eller antalet medlemmar kommer att kastas ut eller f\u00e5 \u00e4nnu l\u00e4gre st\u00f6d. M\u00e5nga av de mindre pl\u00e5gas och knyter n\u00e4ven i fickan.<\/p>\n<p>Samtidigt som de mindre f\u00f6rbunden k\u00e4nner sig svikna, har ocks\u00e5 de st\u00f6rre k\u00e4nt sig fr\u00e4mmande i RF-familjen.<\/p>\n<p><strong>Vad fan f\u00e5r vi f\u00f6r pengarna?<\/strong><\/p>\n<p>Sex stora f\u00f6rbund (ishockey, handboll, fotboll, basket, simning och bandy) skrev en motion till RF-st\u00e4mman i v\u00e5ras. Den hade den sv\u00e5rtolkade rubriken \u201d<em>En slagkraftig organisation p\u00e5 central och regional niv\u00e5 med idrotten i fokus.\u201d <\/em>Men egentligen kunde rubriken ha varit Leif \u00d6stlings klassiker: \u201dVad fan f\u00e5r jag f\u00f6r pengarna?\u201d Eller r\u00e4ttare sagt, vad f\u00e5r vi f\u00f6r de pengar RF-kansliet beh\u00e5ller?<\/p>\n<p><em> <\/em><\/p>\n<p>\u00c4ven om motionen var mycket allm\u00e4nt skriven, \u00e4r det ingen hemlighet vad den handlade om. Det var en kritik mot alla de \u201dpolitiska best\u00e4llningar\u201d som regering och riksdag gjort. Det kallas \u201dskolsatsning\u201d, \u201detableringsst\u00f6d f\u00f6r nyanl\u00e4nda\u201d, \u201didrottsaktivitet f\u00f6r \u00e4ldre\u201d och mycket annat. N\u00e4r jag sj\u00e4lv r\u00e4knade, fick jag ihop\u00a0130 miljoner kronor per \u00e5r, som svensk idrott, om ledarna sj\u00e4lva hade f\u00e5tt v\u00e4lja, skulle ha anv\u00e4nt p\u00e5 ett helt annat s\u00e4tt. De miljonerna hade gjort stor nytta i m\u00e5nga f\u00f6rbund.<\/p>\n<p>Motionen \u00e4r ocks\u00e5 ett underbetyg till dialogen mellan f\u00f6rbunden och RS och en speciellt allvarlig kn\u00e4pp p\u00e5 n\u00e4san f\u00f6r de tv\u00e5 f\u00f6retr\u00e4dare f\u00f6r fotboll och ishockey som finns i Riksidrottsstyrelsen. B\u00e5da har sedan n\u00e5got \u00e5r l\u00e4mnat styrelserna i sina respektive f\u00f6rbund.<\/p>\n<p>Det \u00e4r ingen hemlighet att flera stora f\u00f6rbund med stora kommersiella int\u00e4kter nu p\u00e5 allvar diskuterar om man ska ta ett ansvar och engagera sig b\u00e4ttre i RF-diskussionen eller mer eller mindre klara sig utan RF.<\/p>\n<p><strong>Fler \u00e4n ordf\u00f6randen\u2026<em> <\/em><\/strong><\/p>\n<p>Det \u00e4r en svag och tilltufsad central idrottsledning med l\u00e5gt f\u00f6rtroende som ska ers\u00e4ttas p\u00e5 RF-st\u00e4mman 2021. Vad b\u00f6r vi st\u00e4lla f\u00f6r krav p\u00e5 dem som \u00e4r med i Riksidrottsstyrelsen, inte endast p\u00e5 ordf\u00f6randen?<\/p>\n<p>I tolv \u00e5r var jag sj\u00e4lv med d\u00e4r. En stor andel av oss var p\u00e5 den tiden f\u00f6rbundsordf\u00f6randen i special- eller distriktsf\u00f6rbund. Vi f\u00f6rs\u00f6kte verkligen anstr\u00e4nga oss f\u00f6r att inte skapa konflikter mellan f\u00f6rbunden. Kanske lyckades vi inte till fullo.<\/p>\n<p>Den som \u00e4r med i RS b\u00f6r helst vara f\u00f6rbundsordf\u00f6rande. D\u00e5 \u00e4r det naturligt att tvingas ta ansvar f\u00f6r vad besluten betyder i praktiken. D\u00e5 kan f\u00f6rbund och riksidrottsledning h\u00e5lla ihop.<\/p>\n<p>Tillr\u00e4ckligt m\u00e5nga b\u00f6r ocks\u00e5 ha eller ha haft en tung position i distriktsf\u00f6rbunden eller i specialidrottsf\u00f6rbundens distrikt. D\u00e5 vet man vad kraftfulla distrikt med god ledning kan utr\u00e4tta. D\u00e5 \u00e4r det inte troligt att RF-distrikten reduceras till centralstyrda regionala kontor, ist\u00e4llet f\u00f6r att vara aktiva organisationer som leds genom \u00e5rsm\u00f6tesbeslut av specialf\u00f6rbundens regionala organisationer. Detta el\u00e4nde har tyv\u00e4rr redan skett.<\/p>\n<p>En RS-ledamot b\u00f6r ocks\u00e5 vara en aktiv deltagare i idrottsdebatten, offentligt sl\u00e5ss f\u00f6r bl.a. idrottsr\u00f6relsens st\u00e4llning och sj\u00e4lvst\u00e4ndighet. Det \u00e4r rimligt att RS-ledam\u00f6ter b\u00e5de kan och vill skriva och tala offentligt. N\u00e4r s\u00e5g ni n\u00e5got offentligt, eller h\u00f6rde n\u00e5got, fr\u00e5n nuvarande RS-ledam\u00f6ter? D\u00e5 undantar jag ordf\u00f6randen. Men hans viktiga framtr\u00e4danden, t.ex. i TV om OS till Sverige, l\u00e4mnar en del \u00f6vrigt att \u00f6nska. Hans f\u00f6rberedelser stod inte i relation till det saftiga heltidsarvodet.<\/p>\n<p><strong>L\u00e4ttmatroser och idrottsledare<\/strong><\/p>\n<p>Idrotten \u00e4r p\u00e5 m\u00e5nga s\u00e4tt r\u00e4ttvis. Resultat i m\u00e5l, meter och sekunder \u00e4r s\u00e4ttet att m\u00e4ta framg\u00e5ng. Det \u00e4r rimligt att den som v\u00e4ljs in i RS ocks\u00e5 har en bakgrund som framg\u00e5ngsrik idrottsledare, en bed\u00f6mning d\u00e4r siffrorna f\u00f6r den egna organisationen \u00e4r viktigare \u00e4n ljudvolym och ordkaskader. Inte minst viktigt \u00e4r nyt\u00e4nkande med gott resultat.<\/p>\n<p>Den yttersta ledningen i svensk idrottsr\u00f6relse \u00e4r inte \u00e4r n\u00e5got f\u00f6r ledarskapets l\u00e4ttmatroser.<\/p>\n<p>Ibland f\u00e5r jag fr\u00e5gan om personer. Jag brukar d\u00e5 svara som en av mina stora politiska favoriter, tidigare kultur- och utbildningsministern Bengt G\u00f6ransson, gjorde under den v\u00e4rsta Juholtr\u00f6ran i socialdemokratin. Han fick fr\u00e5gan\u00a0<em>\u201dVem vill du ha som partiledare?\u201d<\/em> Bengt t\u00e4nkte en stund och svarade:\u00a0<em>\u201dJag hoppas det blir en socialdemokrat.\u201d<\/em><\/p>\n<p>Urs\u00e4kta, men jag har hittills gl\u00f6mt det viktigaste.\u00a0\u00a0En av v\u00e4rldens starkaste folkr\u00f6relser beh\u00f6ver modiga och kunniga idrottsledare i ledningen. N\u00e5gon av dem ska vara ordf\u00f6rande och lagledare.<\/p>\n","protected":false},"excerpt":{"rendered":"<p>H\u00e4romdagen kom ett mail fr\u00e5n en god v\u00e4n, en av svensk idrotts mest erfarna ledare. Under m\u00e5nga \u00e5r har han varit en h\u00e5rt arbetande ordf\u00f6rande, utan ers\u00e4ttning, i ett mindre f\u00f6rbund. S\u00e5 h\u00e4r skrev han: \u201dVar p\u00e5 ordf\u00f6randetr\u00e4ff med RF &hellip; <a href=\"https:\/\/www.slliljegren.se\/?p=1893\">Forts\u00e4tt l\u00e4sa <span class=\"meta-nav\">&rarr;<\/span><\/a><\/p>\n","protected":false},"author":1,"featured_media":0,"comment_status":"open","ping_status":"open","sticky":false,"template":"","format":"standard","meta":{"footnotes":""},"categories":[8],"tags":[],"class_list":["post-1893","post","type-post","status-publish","format-standard","hentry","category-liljegren-om-idrott"],"_links":{"self":[{"href":"https:\/\/www.slliljegren.se\/index.php?rest_route=\/wp\/v2\/posts\/1893","targetHints":{"allow":["GET"]}}],"collection":[{"href":"https:\/\/www.slliljegren.se\/index.php?rest_route=\/wp\/v2\/posts"}],"about":[{"href":"https:\/\/www.slliljegren.se\/index.php?rest_route=\/wp\/v2\/types\/post"}],"author":[{"embeddable":true,"href":"https:\/\/www.slliljegren.se\/index.php?rest_route=\/wp\/v2\/users\/1"}],"replies":[{"embeddable":true,"href":"https:\/\/www.slliljegren.se\/index.php?rest_route=%2Fwp%2Fv2%2Fcomments&post=1893"}],"version-history":[{"count":2,"href":"https:\/\/www.slliljegren.se\/index.php?rest_route=\/wp\/v2\/posts\/1893\/revisions"}],"predecessor-version":[{"id":1895,"href":"https:\/\/www.slliljegren.se\/index.php?rest_route=\/wp\/v2\/posts\/1893\/revisions\/1895"}],"wp:attachment":[{"href":"https:\/\/www.slliljegren.se\/index.php?rest_route=%2Fwp%2Fv2%2Fmedia&parent=1893"}],"wp:term":[{"taxonomy":"category","embeddable":true,"href":"https:\/\/www.slliljegren.se\/index.php?rest_route=%2Fwp%2Fv2%2Fcategories&post=1893"},{"taxonomy":"post_tag","embeddable":true,"href":"https:\/\/www.slliljegren.se\/index.php?rest_route=%2Fwp%2Fv2%2Ftags&post=1893"}],"curies":[{"name":"wp","href":"https:\/\/api.w.org\/{rel}","templated":true}]}}