{"id":1896,"date":"2020-02-10T15:42:36","date_gmt":"2020-02-10T15:42:36","guid":{"rendered":"http:\/\/www.slliljegren.se\/?p=1896"},"modified":"2020-02-11T10:51:20","modified_gmt":"2020-02-11T10:51:20","slug":"tal-av-nyvald-rf-ordforande","status":"publish","type":"post","link":"https:\/\/www.slliljegren.se\/?p=1896","title":{"rendered":"Tal av nyvald RF-ordf\u00f6rande"},"content":{"rendered":"<p><em>P\u00e5 v\u00e5ren 2021 ska Riksidrottsf\u00f6rbundet v\u00e4lja en ny ordf\u00f6rande efter Bj\u00f6rn Eriksson. <\/em><em>H\u00e4r kommer ett f\u00f6rslag till anf\u00f6rande av en ny ordf\u00f6rande:<\/em><\/p>\n<p><em> <\/em><\/p>\n<p>Idrottsv\u00e4nner!<\/p>\n<p>Tack f\u00f6r f\u00f6rtroendet! Det \u00e4r tv\u00e5 ord som lyser i eldskrift framf\u00f6r mej, n\u00e4r jag nu har blivit vald till ordf\u00f6rande i Riksidrottsf\u00f6rbundet.<\/p>\n<p>Det f\u00f6rsta \u00e4r\u00a0<em>\u00f6dmjukhet<\/em>. Det \u00e4r ett stort ansvar att bliv vald till ordf\u00f6rande i landets i s\u00e4rklass st\u00f6rsta folkr\u00f6relse. Till \u00f6dmjukheten h\u00f6r att inpr\u00e4nta, att ledningen av svensk idrott m\u00e5ste vara ett lagarbete. Det finns inte plats f\u00f6r sj\u00e4lvbespegling och personliga piruetter. En ordf\u00f6rande \u00e4r lagledaren som ska f\u00e5 andra att arbeta med gl\u00e4dje och stolthet. I skuggan av en ensam ordf\u00f6rande v\u00e4xer det d\u00e5ligt.\u00a0Vi som \u00e4r h\u00e4r idag m\u00e5ste alla g\u00f6ra v\u00e5rt jobb.<\/p>\n<p>Det andra \u00e4r\u00a0<em>sj\u00e4lvf\u00f6rtroende<\/em>. En av v\u00e4rldens starkaste folkr\u00f6relse kan utr\u00e4tta storverk, om vi h\u00e5ller ihop och agerar tillsammans f\u00f6r goda v\u00e4rden och f\u00f6r v\u00e5r st\u00e4llning i den svenska samh\u00e4llsdebatten. Vi \u00e4r m\u00e5nga i den h\u00e4r lokalen idag, men betydligt fler\u00a0utanf\u00f6r. D\u00e4r finns drygt 3, 2 miljoner medlemmar. 800\u00a0000 \u00e4r ledare, tr\u00e4nare, styrelseledamot eller har liknande uppdrag i n\u00e5gon idrottsf\u00f6rening. Om vi h\u00e5ller samman kan vi bli en viktig kraft i den politiska opinionsbildningen. Om vi h\u00e5ller samman kan den tid vi har bakom oss med krympande statsanslag bli en trist parentes i den svenska idrottshistorien. L\u00e5t oss ber\u00e4tta med betydligt st\u00f6rre kraft \u00e4n hittills, att 3, 2 miljoner medlemmar i idrottsr\u00f6relsen ocks\u00e5 \u00e4r v\u00e4ljare.\u00a0Om jag har f\u00f6rst\u00e5tt saken r\u00e4tt, s\u00e5 \u00e4r f\u00f6r m\u00e5nga v\u00e4ljare inte de politiska partiernas problem.<\/p>\n<p>Men ocks\u00e5 sj\u00e4lvf\u00f6rtroende p\u00e5 ett personligt plan. Det k\u00e4ndes tryggt att kunna skriva in ordf\u00f6rande b\u00e5de i ett specialf\u00f6rbund och i ett distriktsf\u00f6rbund i den CV som goda v\u00e4nner ville ha till nomineringen av mej. Jag har sett behoven i ett specialf\u00f6rbund, och jag har sett konsekvenserna av det jag d\u00e5 kallade ogenomt\u00e4nkta beslut fr\u00e5n riksidrottsstyrelsen. Jag har haft f\u00f6rm\u00e5nen att f\u00e5 h\u00e5lla samman \u00f6ver 60 specialf\u00f6rbund p\u00e5 distriktsplanet och d\u00e4r kraftfullt arbeta f\u00f6r b\u00e4ttre villkor f\u00f6r idrotten i kommunerna och i regionen. Det har gett mej en inlevelse i n\u00e4st intill alla idrotters villkor. Som ung och aktiv i m\u00e5nga idrotter fick jag \u201didrotten i blodet\u201d, som m\u00e5nga brukar uttrycka sig.<\/p>\n<p>Idrottsv\u00e4nner! N\u00e4r jag best\u00e4mde mej f\u00f6r att kandidera efter uppmaningar av flera goda v\u00e4nner gjorde jag en lista p\u00e5 vad jag ville f\u00f6r\u00e4ndra och f\u00f6rb\u00e4ttra. Ni har inte k\u00f6pt n\u00e5gon gris i n\u00e5gon s\u00e4ck. De flesta av er vet att jag f\u00f6rs\u00f6ker g\u00f6ra det jag st\u00e5r f\u00f6r och st\u00e5 f\u00f6r det jag g\u00f6r.<\/p>\n<p><strong> 1. Sl\u00e5 vakt om idrottsr\u00f6relsens sj\u00e4lvst\u00e4ndighet!<\/strong><\/p>\n<p>800\u00a0000 idrottsledare satsar tid och energi f\u00f6r att utveckla idrotten, inte f\u00f6r att vara oavl\u00f6nade springpojkar och springflickor f\u00f6r politiska best\u00e4llningar. N\u00e4r r\u00e4tten f\u00f6r idrotten att s\u00e4tta upp egna m\u00e5l och best\u00e4mma v\u00e4garna till m\u00e5len tas ifr\u00e5n oss, f\u00f6rtvinar ocks\u00e5 det ideella ledarskapet. Det har inte Sverige r\u00e5d med. Det ideella ledarskapet tillf\u00f6r det svenska samh\u00e4llet ett v\u00e4rde som motsvarar tv\u00e5 kronor i kommunal skatteh\u00f6jning.<\/p>\n<p><strong> 2. \u00d6ka st\u00f6det fr\u00e5n stat, regioner och kommuner!<\/strong><\/p>\n<p>Idrotten f\u00e5r \u00e5tta miljoner mindre i statsanslag nu \u00e4n 2008. Och det statsanslag som betalas ut f\u00e5r i allt mindre utstr\u00e4ckning anv\u00e4ndas f\u00f6r de \u00e4ndam\u00e5l idrottens sj\u00e4lv best\u00e4mmer. Kommunernas satsningar p\u00e5 anl\u00e4ggningar \u00e4r helt otillr\u00e4ckliga.<\/p>\n<p>En idrott som f\u00e5r chansen att utvecklas kan f\u00f6rst\u00e4rka den viktigaste l\u00e4nken f\u00f6r integration i det svenska samh\u00e4llet. Idrotten kan skapa goda f\u00f6rebilder och framtidstro hos barn och ungdomar, som av olika sk\u00e4l har haft sv\u00e5righeter p\u00e5 livets v\u00e4g. Detta \u00e4r\u00a0\u00e4nnu\u00a0viktigare nu \u00e4n n\u00e5gonsin.<\/p>\n<p>Det offentliga st\u00f6det m\u00e5ste \u00f6ka kraftigt.\u00a0Och vi m\u00e5ste tillsammans skapa nya och \u00e4nnu b\u00e4ttre m\u00f6jligheter f\u00f6r hela idrotten p\u00e5 den nya spelmarknaden!<\/p>\n<p><strong>3. Banta RF-organisationen!<\/strong><\/p>\n<p>Basst\u00f6det till specialf\u00f6rbunden var 330 miljoner kronor 2016 och lika stort 2018. Under samma tid \u00f6kade RF:s personalkostnader med 17 procent, fr\u00e5n 88\u00a0196\u00a0000 kronor till 102\u00a0951\u00a0000!\u00a0S\u00e5 kan vi inte ha det.<\/p>\n<p>Det \u00f6kade antalet \u201dpolitiska best\u00e4llningar\u201d betyder f\u00f6r m\u00e5nga specialf\u00f6rbund att kontakterna med RF-kansliet i f\u00f6rsta\u00a0hand handlar om att skriva projektplaner och redovisa bokst\u00e4ver och siffror i m\u00e4ngder av enk\u00e4ter, medan det idrottsliga st\u00f6det uteblir.<\/p>\n<p>Kostnaderna f\u00f6r RF:s personal centralt och i distrikten m\u00e5ste minska.<\/p>\n<p>Det \u00e4r min ambition att vi ska \u00f6ka basst\u00f6det till specialf\u00f6rbunden fr\u00e5n 330 miljoner till 500 miljoner till 2025. Pengarna ska vi hitta bland personalkostnaderna centralt och i distriktsf\u00f6rbunden men ocks\u00e5 bland de \u201dpolitiska projekt\u201d som det har g\u00e5tt s\u00e5 l\u00e4tt att f\u00e5 pengar till. Nu ska vi ber\u00e4tta f\u00f6r politikerna, att vi ist\u00e4llet vill anv\u00e4nda idrottsst\u00f6d till idrott. Hur sv\u00e5rt kan det vara?<\/p>\n<p>Till sist n\u00e5got som jag drar mej f\u00f6r att s\u00e4ga.<\/p>\n<p><strong>En gemensam tanke<\/strong><\/p>\n<p>P\u00e5 n\u00e4sta punkt ska vi v\u00e4lja ledam\u00f6ter till riksidrottsstyrelsen. Det \u00e4r mitt ansvar att f\u00f6rs\u00f6ka skapa ett bra arbetslag, alldeles oavsett vilka som blir valda. Det har jag f\u00f6rs\u00f6kt tidigare. Och det brukar g\u00e5 ganska hyggligt.<\/p>\n<p>Men jag vill v\u00e4dja till er som nu \u00e4r p\u00e5 v\u00e4g in i styrelsen. Arbetet kommer att g\u00e5 betydligt enklare och bli betydligt b\u00e4ttre, om alla som v\u00e4ljs in i styrelsen besj\u00e4las av tanken, att den svenska idrotten blir b\u00e4ttre, inte s\u00e4mre, med \u00f6kad sj\u00e4lvst\u00e4ndighet, med \u00f6kat st\u00f6d fr\u00e5n stat och kommun och med en betydligt bantad RF-organisation.<\/p>\n<p>\u00c4nnu en g\u00e5ng, tack f\u00f6r f\u00f6rtroendet! Nu forts\u00e4tter v\u00e5rt gemensamma arbete f\u00f6r att g\u00f6ra en bra svensk idrott \u00e4nnu b\u00e4ttre.<\/p>\n","protected":false},"excerpt":{"rendered":"<p>P\u00e5 v\u00e5ren 2021 ska Riksidrottsf\u00f6rbundet v\u00e4lja en ny ordf\u00f6rande efter Bj\u00f6rn Eriksson. H\u00e4r kommer ett f\u00f6rslag till anf\u00f6rande av en ny ordf\u00f6rande: Idrottsv\u00e4nner! Tack f\u00f6r f\u00f6rtroendet! Det \u00e4r tv\u00e5 ord som lyser i eldskrift framf\u00f6r mej, n\u00e4r jag nu har &hellip; <a href=\"https:\/\/www.slliljegren.se\/?p=1896\">Forts\u00e4tt l\u00e4sa <span class=\"meta-nav\">&rarr;<\/span><\/a><\/p>\n","protected":false},"author":1,"featured_media":0,"comment_status":"open","ping_status":"open","sticky":false,"template":"","format":"standard","meta":{"footnotes":""},"categories":[8],"tags":[],"class_list":["post-1896","post","type-post","status-publish","format-standard","hentry","category-liljegren-om-idrott"],"_links":{"self":[{"href":"https:\/\/www.slliljegren.se\/index.php?rest_route=\/wp\/v2\/posts\/1896","targetHints":{"allow":["GET"]}}],"collection":[{"href":"https:\/\/www.slliljegren.se\/index.php?rest_route=\/wp\/v2\/posts"}],"about":[{"href":"https:\/\/www.slliljegren.se\/index.php?rest_route=\/wp\/v2\/types\/post"}],"author":[{"embeddable":true,"href":"https:\/\/www.slliljegren.se\/index.php?rest_route=\/wp\/v2\/users\/1"}],"replies":[{"embeddable":true,"href":"https:\/\/www.slliljegren.se\/index.php?rest_route=%2Fwp%2Fv2%2Fcomments&post=1896"}],"version-history":[{"count":4,"href":"https:\/\/www.slliljegren.se\/index.php?rest_route=\/wp\/v2\/posts\/1896\/revisions"}],"predecessor-version":[{"id":1900,"href":"https:\/\/www.slliljegren.se\/index.php?rest_route=\/wp\/v2\/posts\/1896\/revisions\/1900"}],"wp:attachment":[{"href":"https:\/\/www.slliljegren.se\/index.php?rest_route=%2Fwp%2Fv2%2Fmedia&parent=1896"}],"wp:term":[{"taxonomy":"category","embeddable":true,"href":"https:\/\/www.slliljegren.se\/index.php?rest_route=%2Fwp%2Fv2%2Fcategories&post=1896"},{"taxonomy":"post_tag","embeddable":true,"href":"https:\/\/www.slliljegren.se\/index.php?rest_route=%2Fwp%2Fv2%2Ftags&post=1896"}],"curies":[{"name":"wp","href":"https:\/\/api.w.org\/{rel}","templated":true}]}}