{"id":1931,"date":"2020-03-13T11:26:11","date_gmt":"2020-03-13T11:26:11","guid":{"rendered":"http:\/\/www.slliljegren.se\/?p=1931"},"modified":"2020-03-13T11:27:11","modified_gmt":"2020-03-13T11:27:11","slug":"drommen-om-os-lever-varsta-bromsklossen-checkar-ut","status":"publish","type":"post","link":"https:\/\/www.slliljegren.se\/?p=1931","title":{"rendered":"Dr\u00f6mmen om OS lever! &#8211;\tV\u00e4rsta bromsklossen checkar ut!"},"content":{"rendered":"<p>Varf\u00f6r f\u00e5r inte Sverige arrangera OS?<\/p>\n<p>Det var rubriken p\u00e5 det m\u00f6te vi arrangerade i Stockholms Idrottshistoriska F\u00f6rening i veckan. En av tankarna var naturligtvis att f\u00f6rs\u00f6ka se, om det g\u00e5r att \u00e5ter v\u00e4cka liv i tanken p\u00e5 ett OS till Sverige \u2013 sommar eller vinter.<\/p>\n<p>En panel med kompetenta och prestigel\u00f6sa personer ledde oss genom kv\u00e4llen. Per Palmstr\u00f6m, vice ordf\u00f6rande i Sveriges Olympiska Kommitt\u00e9, ber\u00e4ttade om sin och SOK:s f\u00f6rklaringar. Helene Hellmark Knutsson, nyvald ordf\u00f6rande i RF-SISU Stockholm, talade om den regionala och lokala idrottens betydelse f\u00f6r framtida framg\u00e5ng. Karin Ernlund, centerns idrottsborgarr\u00e5d, och Martin Nilsson, kanslichef hos socialdemokraterna i Stockholms stadshus och n\u00e4rmaste medarbetare till Karin Wanng\u00e5rd (tidigare finansborgarr\u00e5d), ber\u00e4ttade varf\u00f6r det uppstod en politisk strid om OS-ans\u00f6kan.<\/p>\n<p>Men d\u00e4r fanns ocks\u00e5 en v\u00e4rdefull samsyn om mycket mellan paneldeltagarna.<\/p>\n<p>Det har ju g\u00e5tt 23 \u00e5r sedan ett fullsatt Stockholms stadion den 5 september 1997 kl. 18.50<\/p>\n<p>p\u00e5 storbildssk\u00e4rmen s\u00e5g IOC:s ordf\u00f6rande Juan Antonio Samaranch, s\u00e4ga\u00a0<em>\u201d The city that will have the honor and responsibility to organize the 2004 games is\u2026\u2026\u2026\u2026\u2026\u2026. <\/em> S\u00e5 g\u00f6r han en konstpaus som varar I n\u00e4stan fem minuter, tyckte vi p\u00e5 l\u00e4ktarna. Och sedan fyller han i:\u00a0<em>Athens\u201d!<\/em><\/p>\n<p>D\u00e5 startar omedelbart v\u00e4rldens genom tiderna mest effektiva brand\u00f6vning. 16\u00a0000 personer f\u00f6rsvann p\u00e5 en kvart!<\/p>\n<p>Vi slickade s\u00e5r i n\u00e5gra \u00e5r. Och sedan best\u00e4mde sig SOK p\u00e5 h\u00f6sten 2016 att f\u00f6rs\u00f6ka starta en ny omg\u00e5ng, inf\u00f6r vinter-OS 2026.<\/p>\n<p>S\u00e5 kom valet 2018. Dagarna efter valet samlades de borgerliga partierna f\u00f6r att bilda den n\u00e5got \u00f6verraskande koalitionen tillsammans med Milj\u00f6partiet. De fick d\u00e4rmed majoritet och kunde h\u00e5lla socialdemokraterna borta fr\u00e5n de fina borgarr\u00e5dskorridorerna i Stockholms stadshus.<\/p>\n<p>Det var ju ingen nyhet f\u00f6r n\u00e5gon av oss att en ny majoritetskoalition, som bl.a. inneh\u00f6ll de direkt idrotts- och OS-fientliga partierna Liberalerna och Milj\u00f6partiet, skulle f\u00e5 sv\u00e5rt att g\u00f6ra n\u00e5got positivt f\u00f6r en OS-ans\u00f6kan.<\/p>\n<p>Beskedet vid den f\u00f6rsta gemensamma presskonferensen var att planerna p\u00e5 OS och Paralympics till Sverige 2026 var nedgr\u00e4vda. Det nyblivna finansborgarr\u00e5det Anna K\u00f6nig Jerlmyr, sa att \u201d<em>det saknas tydliga underlag f\u00f6r ett vinter-OS just nu.\u201d<\/em> Karin Ernlund, centern, tilltr\u00e4dande borgarr\u00e5d med ansvar f\u00f6r idrottsfr\u00e5gor, hade samma svar.<\/p>\n<p>Men humlan, som inte borde kunna flyga, fl\u00f6g \u00e4nd\u00e5. SOK baxade fram en ans\u00f6kan till ett avg\u00f6rande beslut vid IOC:s m\u00f6te i Lausanne.<\/p>\n<p>I den vackra staden stod ledande f\u00f6retr\u00e4dare fr\u00e5n Stockholm och solade sig i glansen. Stockholms finansborgarr\u00e5d Anna K\u00f6nig Jerlmyr (m), sj\u00f6ng ABBA:s \u201dDancing Queen\u201d i talarstolen. Det politiska hyckleriet n\u00e5dde episka h\u00f6jder.<\/p>\n<p>Den 24 juni 2019 dog v\u00e5ra dr\u00f6mmar om olympiska spel och Paralympics i Stockholm. Milano-Cortina vann v\u00e4rldens finaste idrottsevenemang.<\/p>\n<p>P\u00e5 hemmaplan hade de ansvariga politikerna ber\u00e4ttat\u00a0<em>\u201datt visst kunde Stockholm hyra ut sina anl\u00e4ggningar\u201d <\/em>under ett OS. Entusiasmen var m\u00e5ttlig f\u00f6r att uttrycka sig f\u00f6rsiktigt. Medan konkurrenterna entusiastiskt slogs f\u00f6r att f\u00e5 v\u00e4rldens finaste arrangemang.<\/p>\n<p>Samtalet den h\u00e4r kv\u00e4llen visade dock att det kan finnas en \u00f6ppenhet att f\u00f6rs\u00f6ka igen. Och n\u00e5gra mycket ansvariga inom idrott och politik tr\u00e4ffade varandra igen.<\/p>\n<p>Centrala fr\u00e5gor \u00e4r hur idrottsr\u00f6relsen i Stockholm ska kunna \u00f6vertyga politiker, att ocks\u00e5 ett OS, v\u00e4rldens finaste arrangemang, kanske ska f\u00e5 kosta n\u00e5got. Det \u00e4r sv\u00e5rt att f\u00f6rst\u00e5 varf\u00f6r inte idrottsarenor, som verkligen beh\u00f6vs i regionen, inte ska f\u00e5 kosta pengar just d\u00e4rf\u00f6r att de ocks\u00e5 ska anv\u00e4ndas under ett OS. Flera anl\u00e4ggningar, bl.a. f\u00f6r skidor, beh\u00f6vs ju. Det nya Eriksdalsbadet, S\u00e4trahallen och Sp\u00e5ngahallen \u00e4r direkta resultat av kampanjen f\u00f6r OS 2004, n\u00e4r Stockholms ville vinna trov\u00e4rdighet genom att satsa p\u00e5 idrotten. Stockholm m\u00e5ste ocks\u00e5 f\u00f6rtj\u00e4na ett OS. Varf\u00f6r ge OS till en stad, som inte sj\u00e4lv vill satsa p\u00e5 idrott?<\/p>\n<p>Den mest gl\u00e4djande nyheten f\u00f6r alla som \u00e4lskar idrott i Stockholmsregionen \u00e4r, att Liberalernas okr\u00f6nta drottning i Stockholm, skolborgarr\u00e5det Lotta Edholm, har slutat. Den v\u00e4rsta bromsklossen har checkat ut fr\u00e5n Stadshuset.<\/p>\n<p>Hennes f\u00f6rsta kommentar vid det senaste f\u00f6rs\u00f6ket var den h\u00e4r:<\/p>\n<p><em>Det f\u00e5r inte ske p\u00e5 bekostnad av skattebetalarna och andra viktiga \u00e5tagande. Det \u00e4r brist p\u00e5 idrottshallar, simhallar, ishallar och ridhus. F\u00f6r oss \u00e4r det mycket viktigare \u00e4n ett arrangemang som varar bara ett par veckor.<\/em><\/p>\n<p>Vilka idrottshallar, simhallar, ishallar och ridhus har Lotta Edholm tagit initiativ till, n\u00e4r det nu inte blev n\u00e5got av med OS 2026?<\/p>\n<p>Jag tycker synd om alla idrottsintresserade liberaler, bl.a. min fru, som till Liberalernas l\u00e4nsf\u00f6rbunds \u00e5rsm\u00f6te skrev en motion om att partiet borde st\u00f6dja OS i Stockholm. Och i styrelsen f\u00f6r RF-SISU Stockholm, som Stockholm Idrottsf\u00f6rbund numera heter, har under l\u00e5ng tid funnits tv\u00e5 politiskt aktiva liberaler. Man kan undra vad de har gjort och hur de har m\u00e5tt.<\/p>\n<p>Liberalerna har gl\u00f6mt sin historia, eller ocks\u00e5 bytt uppfattning, vilket man enligt kritikerna har gjort alltf\u00f6r ofta genom historien.<\/p>\n<p>Folkpartiet var det mest OS-entusiastiska partiet i Stadshuset fram till 1994.\u00a0F\u00f6re valet 1991 skickaded\u00e5varande fritidsborgarr\u00e5det Lennart Rydberg (Fp)\u00a0ett brev till idrottsorganisationerna i Stockholm och ber\u00e4ttade att partiet ville\u00a0s\u00f6ka sommar-OS.<em><\/em><\/p>\n<p>Folkpartiet motionerade redan den 28 februari 1966 till Stockholms kommunfullm\u00e4ktige om att Stockholm borde s\u00f6ka olympiska vinterspel (!).<\/p>\n<p>I Folkpartiets kommunala valkampanj i Stockholm 1994 f\u00f6rekom ofta slagordet\u00a0<em>\u201dDagis ist\u00e4llet f\u00f6r OS\u201d.<\/em> Det var inte s\u00e5 lyckat. Partiet\u00a0f\u00f6rlorade en tredjedel av sina mandat i fullm\u00e4ktige.\u00a0S\u00e5 kan det g\u00e5.<\/p>\n","protected":false},"excerpt":{"rendered":"<p>Varf\u00f6r f\u00e5r inte Sverige arrangera OS? Det var rubriken p\u00e5 det m\u00f6te vi arrangerade i Stockholms Idrottshistoriska F\u00f6rening i veckan. En av tankarna var naturligtvis att f\u00f6rs\u00f6ka se, om det g\u00e5r att \u00e5ter v\u00e4cka liv i tanken p\u00e5 ett OS &hellip; <a href=\"https:\/\/www.slliljegren.se\/?p=1931\">Forts\u00e4tt l\u00e4sa <span class=\"meta-nav\">&rarr;<\/span><\/a><\/p>\n","protected":false},"author":1,"featured_media":0,"comment_status":"open","ping_status":"open","sticky":false,"template":"","format":"standard","meta":{"footnotes":""},"categories":[8],"tags":[],"class_list":["post-1931","post","type-post","status-publish","format-standard","hentry","category-liljegren-om-idrott"],"_links":{"self":[{"href":"https:\/\/www.slliljegren.se\/index.php?rest_route=\/wp\/v2\/posts\/1931","targetHints":{"allow":["GET"]}}],"collection":[{"href":"https:\/\/www.slliljegren.se\/index.php?rest_route=\/wp\/v2\/posts"}],"about":[{"href":"https:\/\/www.slliljegren.se\/index.php?rest_route=\/wp\/v2\/types\/post"}],"author":[{"embeddable":true,"href":"https:\/\/www.slliljegren.se\/index.php?rest_route=\/wp\/v2\/users\/1"}],"replies":[{"embeddable":true,"href":"https:\/\/www.slliljegren.se\/index.php?rest_route=%2Fwp%2Fv2%2Fcomments&post=1931"}],"version-history":[{"count":5,"href":"https:\/\/www.slliljegren.se\/index.php?rest_route=\/wp\/v2\/posts\/1931\/revisions"}],"predecessor-version":[{"id":1936,"href":"https:\/\/www.slliljegren.se\/index.php?rest_route=\/wp\/v2\/posts\/1931\/revisions\/1936"}],"wp:attachment":[{"href":"https:\/\/www.slliljegren.se\/index.php?rest_route=%2Fwp%2Fv2%2Fmedia&parent=1931"}],"wp:term":[{"taxonomy":"category","embeddable":true,"href":"https:\/\/www.slliljegren.se\/index.php?rest_route=%2Fwp%2Fv2%2Fcategories&post=1931"},{"taxonomy":"post_tag","embeddable":true,"href":"https:\/\/www.slliljegren.se\/index.php?rest_route=%2Fwp%2Fv2%2Ftags&post=1931"}],"curies":[{"name":"wp","href":"https:\/\/api.w.org\/{rel}","templated":true}]}}