{"id":1983,"date":"2020-05-13T15:42:58","date_gmt":"2020-05-13T15:42:58","guid":{"rendered":"http:\/\/www.slliljegren.se\/?p=1983"},"modified":"2020-05-14T13:57:15","modified_gmt":"2020-05-14T13:57:15","slug":"triangel-utan-bas-vad-hander-i-ungdomsidrotten-3","status":"publish","type":"post","link":"https:\/\/www.slliljegren.se\/?p=1983","title":{"rendered":"Triangel utan bas &#8211; vad h\u00e4nder i ungdomsidrotten?"},"content":{"rendered":"<p>S\u00e5 kom den sp\u00e4nnande rapporten igen. Jag talar om den \u00e5rliga\u00a0<em>\u201dStatens st\u00f6d till idrotten \u2013 uppf\u00f6ljning 2019\u201d <\/em>fr\u00e5n Centrum f\u00f6r idrottsforskning (CIF). Den h\u00e4r g\u00e5ngen \u00e4r den helt skriven av en gigant inom idrottsforskningen, professorn i idrottsvetenskap vid Malm\u00f6 universitet, Johan R. Norberg.<\/p>\n<p>Kort skulle den kunna sammanfattas med orden\u00a0<em>\u201dF\u00e4rre unga idrottar\u201d,<\/em> en rubrik som ocks\u00e5 fanns i RF:s pressmeddelande. Och statistiken \u00f6ver det lokala aktivitetsst\u00f6det till barn och unga \u00e4r trist, n\u00e4stan tragisk.<\/p>\n<p>Aktivitetsniv\u00e5erna minskar i samtliga \u00e5ldersgrupper utom en under tio\u00e5rsperioden 2008 \u2013 2018. En sammanst\u00e4llning \u00f6ver de tio st\u00f6rsta f\u00f6rbunden inom RF visar, att endast tv\u00e5 \u00f6kar (gymnastik och simning) medan \u00f6vriga f\u00f6rlorar, n\u00e5gra v\u00e4ldigt mycket.<\/p>\n<p>Den viktigaste meningen i hela den l\u00e5nga rapporten \u00e4r denna:\u00a0<em>\u201dCIF:s samlade analys \u00e4r att det r\u00e5der en tydlig h\u00e4lsotrend bland unga \u2013 men att denna trend verkar g\u00e5 idrottsr\u00f6relsen f\u00f6rbi.\u201d<\/em><\/p>\n<p><em> <\/em><\/p>\n<p>I f\u00f6reningarna \u00f6kar kraven p\u00e5 tr\u00e4ning och t\u00e4vling som de unga f\u00f6rv\u00e4ntas delta i. Och rekommendationen fr\u00e5n CIF \u00e4r att arrangera fler aktiviteter f\u00f6r dem som tr\u00e4nar f\u00f6r att ha roligt och m\u00e5 bra snarare \u00e4n att uppn\u00e5 goda idrottsresultat.<\/p>\n<p>S\u00e4rskilt trist \u00e4r det, n\u00e4r RF sammanfattar sin strategi som \u201d<em>Fr\u00e5n triangel till rektangel\u201d<\/em>. Om detta el\u00e4nde forts\u00e4tter kommer triangeln att sakna bas. Det \u00e4r inte bra, vare sig f\u00f6r trianglar eller rektanglar\u2026<\/p>\n<p>Det \u00e4r naturligtvis f\u00f6r\u00f6dande f\u00f6r svensk idrotts siffror totalt sett att de st\u00f6rsta f\u00f6rbunden minskar kraftigast. Det lokala aktivitetsst\u00f6det \u00e4r dessutom konstruerat p\u00e5 de stora lagidrotternas villkor. Stora tr\u00e4ningsgrupper med lag och en tr\u00e4nare ger mycket int\u00e4kter. F\u00e4kttr\u00e4naren med en eller tv\u00e5 elever p\u00e5 pisten ger lite.<\/p>\n<p>Men alla minskar inte. Med stor stolthet kunde jag s\u00e4ga s\u00e5 h\u00e4r vid ett \u00e5rsm\u00f6te med F\u00e4ktf\u00f6rbundet f\u00f6r n\u00e5gra \u00e5r sedan:<\/p>\n<p><em>\u201dOm Svenska F\u00e4ktf\u00f6rbundets \u00f6kning hade varit svensk idrotts, skulle antalet<\/em><\/p>\n<p><em>lokala aktivitetstillf\u00e4llen i den svenska idrottsr\u00f6relsen nu ha varit 72 miljoner ist\u00e4llet f\u00f6r 52 miljoner\u201d.<\/em><\/p>\n<p>F\u00f6r ca 30 \u00e5r sedan (!) skrev Stockholms Idrottsf\u00f6rbund, d\u00e4r jag d\u00e5 nyss hade valts till ordf\u00f6rande, motioner till RF-st\u00e4mman om att det statliga lokala aktivitetsst\u00f6det, som RF hanterar, borde f\u00f6r\u00e4ndras. Redan i b\u00f6rjan av 80-talet visade n\u00e4mligen d\u00e5tidens gigant i idrottsforskningen, professor Lars-Magnus Engstr\u00f6m, hur barn och ungdomar upplevde idrotten. Ungef\u00e4r som CIF \u00e5terigen nu beskriver det.<\/p>\n<p>I Stockholm gjorde den lysande Ulf Blomdahl statistiska studier, som visade att ungdomarna l\u00e4mnade idrotten i de \u00e4ldre ton\u00e5ren. Han talade om en \u201dkulfaktor\u201d och en \u201dinvesteringsfaktor.\u201d Barn och ungdomar \u201dville ha kul\u201d \u2013 inte k\u00f6ra sig bl\u00e5 i unga \u00e5r.<\/p>\n<p>Det fanns ocks\u00e5 en bred enighet om att den som pr\u00f6vade flera idrotter i unga \u00e5r i st\u00f6rre utstr\u00e4ckning blev kvar i idrotten. Och de som blev riktigt bra, t.ex. spelarna som skapade \u201ddet svenska tennisundret\u201d, h\u00e4nvisade ofta till sin bakgrund i andra idrotter.<\/p>\n<p>Lagidrotterna, med flest ombud p\u00e5 RF-st\u00e4mmor h\u00f6ll emot. Och Riksidrottsstyrelsen begrep inte, eller v\u00e5gade inte ta striden f\u00f6r f\u00f6rnuftet och forskningens resultat. Men tillsammans med Stockholms stad gjorde vi i slutet av 80-talet (30 \u00e5r sedan!) om det kommunala lokala aktivitetsst\u00f6det i huvudstaden i linje med v\u00e5ra \u00f6nskem\u00e5l.<\/p>\n<p>S\u00e5 h\u00e4r sa jag, n\u00e4r jag som ordf\u00f6rande i Stockholms Idrottsf\u00f6rbund h\u00e4lsade v\u00e4lkommen till RF-st\u00e4mman 2003:<\/p>\n<p><em>\u201dVi kan vara stolta men inte n\u00f6jda.<\/em><\/p>\n<p><em> <\/em><\/p>\n<p><em>F\u00f6r f\u00f6rsta g\u00e5ngen i v\u00e5r historia ser vi nu tendenser till att idrottens f\u00f6reningsliv engagerar f\u00e4rre ungdomar. De f\u00f6rsta tecknen har synts i v\u00e5r storstad. Allvarligast ser det ut bland tjejerna i h\u00f6gstadium och gymnasium.<\/em><\/p>\n<p><em> <\/em><\/p>\n<p><em>M\u00e5nga slutar f\u00f6r tidigt. En f\u00f6rklaring \u00e4r att de b\u00f6rjade f\u00f6r tidigt och k\u00f6rde f\u00f6r h\u00e5rt. Kropp och sj\u00e4l orkar inte. Almanackans gr\u00e4nser spr\u00e4ngs, b\u00e5de f\u00f6r barn och f\u00f6r\u00e4ldrar.<\/em><\/p>\n<p><em> <\/em><\/p>\n<p><em>Det kan tyckas vara en m\u00e4nsklig r\u00e4ttighet f\u00f6r sm\u00e5 barn att simma eller spela fotboll kanske fem g\u00e5nger i veckan. Men det kan knappast vara en m\u00e4nsklig r\u00e4ttighet att f\u00e5 lokalt aktivitetsst\u00f6d f\u00f6r fem tillf\u00e4llen per vecka i samma idrott.<\/em><\/p>\n<p><em> <\/em><\/p>\n<p><em>Genom ett samarbete mellan Stockholms Idrottsf\u00f6rbund och Stockholms stad har vi gjort rent hus med m\u00f6jligheterna att f\u00e5 st\u00f6d till obegr\u00e4nsat antal aktivitetstillf\u00e4llen i en idrott i unga \u00e5r. Vi vill leva som vi l\u00e4r.\u201d<\/em><\/p>\n<p><em> <\/em><\/p>\n<p>Rent praktiskt fick jag ocks\u00e5 arbeta f\u00f6r f\u00f6rnuftet. Som f\u00f6rvaltningschef f\u00f6r kultur och fritid i Haninge tog jag initiativet till en f\u00f6r\u00e4ndring av det kommunala lokala aktivitetsst\u00f6det. I bred politisk enighet beslutade kultur- och fritidsn\u00e4mnden bl.a. f\u00f6ljande (citat ur reglementet):<\/p>\n<p><em> <\/em><\/p>\n<p><em>\u201dF\u00f6r att stimulera unga m\u00e4nniskor att pr\u00f6va p\u00e5 flera aktiviteter begr\u00e4nsas det lokala aktivitetsst\u00f6det till ett visst antal tillf\u00e4llen per s\u00e4song i samma aktivitet. St\u00f6det ges till tv\u00e5 aktivitetstillf\u00e4llen per vecka f\u00f6r 7 \u2013 9-\u00e5ringar, tre per vecka f\u00f6r 10 \u2013 16-\u00e5ringar och fyra f\u00f6r 17 \u2013 20-\u00e5ringar.<\/em><\/p>\n<p><em> <\/em><\/p>\n<p><em>St\u00f6det per deltagare \u00f6kar ocks\u00e5 ju \u00e4ldre ungdomarna \u00e4r. Detta f\u00f6r att stimulera f\u00f6reningarna att beh\u00e5lla ungdomarna l\u00e4ngre upp i ton\u00e5ren.\u201d<\/em><\/p>\n<p><em> <\/em><\/p>\n<p>N\u00e4r jag \u00e5kte hem fr\u00e5n jobbet en dag i februari 2008 ryckte jag till, n\u00e4r jag s\u00e5g krigsrubrikerna p\u00e5 Svenska Dagbladets l\u00f6psedel:<\/p>\n<p><em>\u201dHaninge bromsar ung elitsatsning \u2013 tr\u00e4ningsst\u00f6d till ungdomar \u00f6kar med stigande \u00e5lder.\u201d<\/em><\/p>\n<p>Mina r\u00e5d \u00e4r enkla:<\/p>\n<ol>\n<li>En massiv satsning p\u00e5 ungdomsledarutbildning. L\u00e5t barn och ungdomar tr\u00e4na p\u00e5 olika ambitionsniv\u00e5er!<\/li>\n<li>G\u00f6r om det lokala aktivitetsst\u00f6det! Id\u00e9erna har funnits i \u00f6ver 30 \u00e5r.<\/li>\n<li>Ge mer st\u00f6d till de specialf\u00f6rbund som v\u00e4xer i aktivitetstillf\u00e4llen och mindre till dem som g\u00e5r kr\u00e4ftg\u00e5ng!<\/li>\n<\/ol>\n","protected":false},"excerpt":{"rendered":"<p>S\u00e5 kom den sp\u00e4nnande rapporten igen. Jag talar om den \u00e5rliga\u00a0\u201dStatens st\u00f6d till idrotten \u2013 uppf\u00f6ljning 2019\u201d fr\u00e5n Centrum f\u00f6r idrottsforskning (CIF). Den h\u00e4r g\u00e5ngen \u00e4r den helt skriven av en gigant inom idrottsforskningen, professorn i idrottsvetenskap vid Malm\u00f6 universitet, &hellip; <a href=\"https:\/\/www.slliljegren.se\/?p=1983\">Forts\u00e4tt l\u00e4sa <span class=\"meta-nav\">&rarr;<\/span><\/a><\/p>\n","protected":false},"author":1,"featured_media":0,"comment_status":"open","ping_status":"open","sticky":false,"template":"","format":"standard","meta":{"footnotes":""},"categories":[8],"tags":[],"class_list":["post-1983","post","type-post","status-publish","format-standard","hentry","category-liljegren-om-idrott"],"_links":{"self":[{"href":"https:\/\/www.slliljegren.se\/index.php?rest_route=\/wp\/v2\/posts\/1983","targetHints":{"allow":["GET"]}}],"collection":[{"href":"https:\/\/www.slliljegren.se\/index.php?rest_route=\/wp\/v2\/posts"}],"about":[{"href":"https:\/\/www.slliljegren.se\/index.php?rest_route=\/wp\/v2\/types\/post"}],"author":[{"embeddable":true,"href":"https:\/\/www.slliljegren.se\/index.php?rest_route=\/wp\/v2\/users\/1"}],"replies":[{"embeddable":true,"href":"https:\/\/www.slliljegren.se\/index.php?rest_route=%2Fwp%2Fv2%2Fcomments&post=1983"}],"version-history":[{"count":8,"href":"https:\/\/www.slliljegren.se\/index.php?rest_route=\/wp\/v2\/posts\/1983\/revisions"}],"predecessor-version":[{"id":2004,"href":"https:\/\/www.slliljegren.se\/index.php?rest_route=\/wp\/v2\/posts\/1983\/revisions\/2004"}],"wp:attachment":[{"href":"https:\/\/www.slliljegren.se\/index.php?rest_route=%2Fwp%2Fv2%2Fmedia&parent=1983"}],"wp:term":[{"taxonomy":"category","embeddable":true,"href":"https:\/\/www.slliljegren.se\/index.php?rest_route=%2Fwp%2Fv2%2Fcategories&post=1983"},{"taxonomy":"post_tag","embeddable":true,"href":"https:\/\/www.slliljegren.se\/index.php?rest_route=%2Fwp%2Fv2%2Ftags&post=1983"}],"curies":[{"name":"wp","href":"https:\/\/api.w.org\/{rel}","templated":true}]}}