{"id":2012,"date":"2020-05-30T10:25:13","date_gmt":"2020-05-30T10:25:13","guid":{"rendered":"http:\/\/www.slliljegren.se\/?p=2012"},"modified":"2020-05-30T13:10:20","modified_gmt":"2020-05-30T13:10:20","slug":"dragkamp-i-idrotten","status":"publish","type":"post","link":"https:\/\/www.slliljegren.se\/?p=2012","title":{"rendered":"Dragkamp i idrotten"},"content":{"rendered":"<p>\u00c4nda sedan slutet av 80-talet har jag varit en flitig m\u00f6tesordf\u00f6rande vid \u00e5rsm\u00f6ten med m\u00e4ngder av specialf\u00f6rbund. F\u00f6r den som \u00e4lskar idrott, inte endast \u201dden egna\u201d, \u00e4r det en fantastisk m\u00f6jlighet till kunskap och inlevelse i andra f\u00f6rbunds och idrottsledares vardag och verklighet. Och det \u00e4r roligt att ocks\u00e5 f\u00e5 hj\u00e4lpa till. Ibland f\u00f6rst\u00f6rs \u00e5rsm\u00f6ten av att t.o.m. v\u00e4lk\u00e4nda idrottsledare inte kan st\u00e4lla \u201dbifall\u201d mot \u201davslag\u201d p\u00e5 ett korrekt s\u00e4tt.<\/p>\n<p>H\u00e4romdagen var det Svenska Dragkampf\u00f6rbundets f\u00f6rbundsm\u00f6te.<\/p>\n<p>Min k\u00e4rlek till dragkamp b\u00f6rjade spira genom sv\u00e4rfar Bengt Ahlboms historier om OS i Stockholm 1912. S\u00e5 h\u00e4r beskrev han den svenska dragkampstriumfen:<\/p>\n<p><em>\u201d15\u00a0000 \u00e5sk\u00e5dare skrek sig hesa, n\u00e4r sju bastanta Stockholmspoliser \u2013 med en M\u00f6jafiskare, bred som en lag\u00e5rdsd\u00f6rr, som ankare \u2013 drog upp Londons som oslagbara betraktade \u201dbobbies\u201d \u2013 \u00e5tta j\u00e4ttar med fladdrande sj\u00f6mansbyxor och engelska flaggan i n\u00e4stan naturlig storlek p\u00e5 br\u00f6stet.\u201d<\/em><\/p>\n<p>Nu \u00e4r inte l\u00e4ngre dragkampen olympisk gren. Nu skriker sig inte l\u00e4ngre 15\u00a0000 \u00e5sk\u00e5dare hesa. Men fortfarande \u00e4r det en \u00e4lskad idrott och bedrivs av 40 f\u00f6reningar i landet. Dragkampen skapar gl\u00e4dje och gemenskap landet runt. I Bergs\u00e5ker och Bj\u00f6rke. I St\u00f6de och Stenungsund. I Ydre och Siml\u00e5ngsdalen. S\u00e5 medverkar dragkampen till att hela Sverige lever, beh\u00e5ller och v\u00e5rdar idrottslig tradition och skapar m\u00e5l och mening i barns och ungdomars liv. U 23-laget \u00e5ker till VM i Kapstaden och vinner silver i mixedklassen.<\/p>\n<p>F\u00f6rbundet b\u00e4rs upp av engagerade idrottsledare. K\u00e4rleken till den egna idrotten, inte feta arvoden, \u00e4r motivet.<\/p>\n<p>1903 bildades f\u00f6reg\u00e5ngaren till RF av bl.a. ett antal dragkampsf\u00f6reningar. Nu, drygt 100 \u00e5r senare, \u00e4r samma organisation p\u00e5 v\u00e4g att kasta ut dem ur gemenskapen tillsammans med ett antal andra mindre f\u00f6rbund. Om n\u00e5got \u00e5r ska f\u00f6rbunden ha minst 25 f\u00f6reningar. Och det mest fantastiska. Anslagen fr\u00e5n RF dras ned dramatiskt. N\u00e4r man har fler \u00e4n 50 f\u00f6reningar f\u00e5r man s.k. dubbelt organisationsst\u00f6d. 2020 f\u00e5r d\u00e4rf\u00f6r f\u00f6rbundet med 40 f\u00f6reningar 1\u00a0713\u00a0000 kronor i RF-st\u00f6d. Om tv\u00e5 \u00e5r, 2022, blir summan d\u00e4remot 560\u00a0000 kronor. Mer \u00e4n tv\u00e5 tredjedelar av st\u00f6det f\u00f6rsvinner p\u00e5 tv\u00e5 \u00e5r!<\/p>\n<p>F\u00f6rbunden f\u00e5r nu uppmaningen att sl\u00e5 sig samman, s\u00e5 att f\u00f6reningarna i det nya f\u00f6rbundet blir fler. Vem tror p\u00e5 allvar att engagemanget i t.ex. Dragkampf\u00f6rbundet och Varpaf\u00f6rbundet \u00f6kar, om f\u00f6rbunden sl\u00e5r sig samman? S\u00e5 talar i f\u00f6rsta hand byr\u00e5krater och n\u00e4ringslivsm\u00e4nniskor, n\u00e4r man sl\u00e5r samman myndigheter och f\u00f6retag.<\/p>\n<p>Och vem tror p\u00e5 allvar att ett f\u00f6rbund med 26 f\u00f6reningar, varav kanske n\u00e5gra \u00e4r svaga och t.o.m. \u201dpapperskonstruktioner\u201d, \u00e4r b\u00e4ttre \u00e4n det med 25, starkare och med tradition, engagemang och historia.<\/p>\n<p>Riksidrottens ledning \u00e4r den enda ledning i Folkr\u00f6relsesverige som arbetar h\u00e5rt och m\u00e5lmedvetet f\u00f6r att g\u00f6ra sig av med medlemmar. Det \u00e4r mycket ovanligt men s\u00e4llsynt modigt.<\/p>\n<p><em>\u201dWir schaffen das<\/em>!\u201d (Vi klarar det!)<\/p>\n<p>S\u00e5 sa hon, Tysklands f\u00f6rbundskansler Angela Merkel, n\u00e4r de stora flyktingstr\u00f6mmarna drog \u00f6ver Europa 2015. Och den omvalde ordf\u00f6randen i Svenska Dragkampf\u00f6rbundet, Mats Hamberg, legendarisk idrottsledare, sa s\u00e5 h\u00e4r som avslutning av f\u00f6rbundsm\u00f6tet:\u00a0<em>\u201dVi fixar det h\u00e4r!\u201d<\/em><\/p>\n<p>Han vet vad han talar om. N\u00e4stan p\u00e5 egen hand har han bildat ett antal nya f\u00f6reningar i sin hembygd H\u00e4rn\u00f6sand\/V\u00e4sternorrland. Det \u00e4r den ena v\u00e4gen till framg\u00e5ng. Den andra \u00e4r att som f\u00f6rbundsordf\u00f6rande arbeta f\u00f6r att riksidrotten i st\u00f6rre utstr\u00e4ckning ska ledas av ett starkt lag med bakgrund, sj\u00e4l och hj\u00e4rta i idrottsr\u00f6relsen. Det utesluter inte alls, tv\u00e4rtom, erfarenhet fr\u00e5n t.ex. n\u00e4ringsliv och statlig f\u00f6rvaltning. Det finns m\u00e5nga idrottsledare med den kombinationen.<\/p>\n<p>Riksidrottens nuvarande ordf\u00f6rande Bj\u00f6rn Eriksson har sin bakgrund i \u201dMyndighetssverige\u201d som bl.a. tullchef och rikspolischef. Vice ordf\u00f6randen Tommy Ohlstr\u00f6m, den ende som ibland syns bredvid ordf\u00f6randen, har arbetat som politisk tj\u00e4nsteman (s) och som VD och ordf\u00f6rande i KF. De \u00e4r b\u00e5da utomordentligt trevliga m\u00e4nniskor, och jag tror att de b\u00e5da har gjort ett gott jobb i sina civila karri\u00e4rer.<\/p>\n<p>Att framg\u00e5ngsrikt leda idrottsr\u00f6relsen \u00e4r dock annorlunda \u00e4n att l\u00e4gga ned polisstationer och Konsumbutiker. Svensk idrott har en sj\u00e4l. Det blir extra tydligt vid ett \u00e5rsm\u00f6te med ett hotat f\u00f6rbund.<\/p>\n","protected":false},"excerpt":{"rendered":"<p>\u00c4nda sedan slutet av 80-talet har jag varit en flitig m\u00f6tesordf\u00f6rande vid \u00e5rsm\u00f6ten med m\u00e4ngder av specialf\u00f6rbund. F\u00f6r den som \u00e4lskar idrott, inte endast \u201dden egna\u201d, \u00e4r det en fantastisk m\u00f6jlighet till kunskap och inlevelse i andra f\u00f6rbunds och idrottsledares &hellip; <a href=\"https:\/\/www.slliljegren.se\/?p=2012\">Forts\u00e4tt l\u00e4sa <span class=\"meta-nav\">&rarr;<\/span><\/a><\/p>\n","protected":false},"author":1,"featured_media":0,"comment_status":"open","ping_status":"open","sticky":false,"template":"","format":"standard","meta":{"footnotes":""},"categories":[8],"tags":[],"class_list":["post-2012","post","type-post","status-publish","format-standard","hentry","category-liljegren-om-idrott"],"_links":{"self":[{"href":"https:\/\/www.slliljegren.se\/index.php?rest_route=\/wp\/v2\/posts\/2012","targetHints":{"allow":["GET"]}}],"collection":[{"href":"https:\/\/www.slliljegren.se\/index.php?rest_route=\/wp\/v2\/posts"}],"about":[{"href":"https:\/\/www.slliljegren.se\/index.php?rest_route=\/wp\/v2\/types\/post"}],"author":[{"embeddable":true,"href":"https:\/\/www.slliljegren.se\/index.php?rest_route=\/wp\/v2\/users\/1"}],"replies":[{"embeddable":true,"href":"https:\/\/www.slliljegren.se\/index.php?rest_route=%2Fwp%2Fv2%2Fcomments&post=2012"}],"version-history":[{"count":12,"href":"https:\/\/www.slliljegren.se\/index.php?rest_route=\/wp\/v2\/posts\/2012\/revisions"}],"predecessor-version":[{"id":2021,"href":"https:\/\/www.slliljegren.se\/index.php?rest_route=\/wp\/v2\/posts\/2012\/revisions\/2021"}],"wp:attachment":[{"href":"https:\/\/www.slliljegren.se\/index.php?rest_route=%2Fwp%2Fv2%2Fmedia&parent=2012"}],"wp:term":[{"taxonomy":"category","embeddable":true,"href":"https:\/\/www.slliljegren.se\/index.php?rest_route=%2Fwp%2Fv2%2Fcategories&post=2012"},{"taxonomy":"post_tag","embeddable":true,"href":"https:\/\/www.slliljegren.se\/index.php?rest_route=%2Fwp%2Fv2%2Ftags&post=2012"}],"curies":[{"name":"wp","href":"https:\/\/api.w.org\/{rel}","templated":true}]}}