{"id":2155,"date":"2021-05-28T16:37:53","date_gmt":"2021-05-28T16:37:53","guid":{"rendered":"http:\/\/www.slliljegren.se\/?p=2155"},"modified":"2021-05-28T16:37:53","modified_gmt":"2021-05-28T16:37:53","slug":"paus-i-rf-stamman","status":"publish","type":"post","link":"https:\/\/www.slliljegren.se\/?p=2155","title":{"rendered":"Paus i RF-st\u00e4mman"},"content":{"rendered":"\n<p>RF-st\u00e4mman har b\u00f6rjat. Nu \u00e4r det middagspaus. Under dagen har jag t\u00e4nkt extra mycket p\u00e5 en god v\u00e4n, som s\u00e5 tragiskt rycktes bort fr\u00e5n oss i h\u00f6stas. Jag \u00e5terkommer till det.<\/p>\n\n\n\n<p>I sin inledning ber\u00e4ttade RF-ordf\u00f6randen Bj\u00f6rn Eriksson en del om idrottens sj\u00e4lvst\u00e4ndighet. Tyv\u00e4rr har han och riksidrottsstyrelsen f\u00f6rsvarat den s\u00e4mre i idrottens vardag \u00e4n i talarstolen. I allt st\u00f6rre utstr\u00e4ckning har svensk idrott f\u00f6rvandlats till entrepren\u00f6r f\u00f6r politiska best\u00e4llningar. Och d\u00e4rmed har statsanslaget g\u00e5tt till annat \u00e4n idrott.<\/p>\n\n\n\n<p>Det \u00e4r gl\u00e4djen i idrottsledarskapet, d\u00e4r f\u00f6rbund och f\u00f6reningar formar sin egen verksamhet, som driver landets st\u00f6rsta folkr\u00f6relse fram\u00e5t. Och det \u00e4r friheten att forma idrottens vardag som ocks\u00e5 g\u00f6r landets st\u00f6rsta folkr\u00f6relse till en effektiv sedelpress.<\/p>\n\n\n\n<p>De 650&nbsp;000 ideella idrottsledarna lade f\u00f6r n\u00e5gra \u00e5r sedan ned ett arbete motsvarande 140 miljoner timmar per \u00e5r i f\u00f6reningarna. Om ledarna fick betalt motsvarande en fritidsledarl\u00f6n f\u00f6r den tid de l\u00e4gger ned p\u00e5 idrotten skulle det inneb\u00e4ra ett v\u00e4rde, inkl. sociala avgifter, om drygt 30 miljarder kronor per \u00e5r. Det motsvarar en kommunal skatteh\u00f6jning p\u00e5 n\u00e4stan tv\u00e5 kronor. Och det kan j\u00e4mf\u00f6ras med det statliga idrottsanslaget p\u00e5 tv\u00e5 miljarder kronor.<\/p>\n\n\n\n<p>Med den bakgrunden kanske det inte borde vara n\u00f6dv\u00e4ndigt att i f\u00f6rbund och f\u00f6reningar \u00e4gna m\u00e4ngder av tid \u00e5t att fylla i kr\u00e5ngliga blanketter f\u00f6r att de som l\u00e4mnar anslag fr\u00e5n stat, landsting och kommuner ska k\u00e4nna sig riktigt n\u00f6jda. Skulle det inte r\u00e4cka med ett handslag?<\/p>\n\n\n\n<p>N\u00e4r folkr\u00f6relsen, och gl\u00e4djen i det ideella arbetet hotas, \u00e4r ocks\u00e5 ekonomin i f\u00f6reningar och f\u00f6rbund i fara.<\/p>\n\n\n\n<p>M\u00e5nga av oss har lagt ned ett helt liv som oavl\u00f6nade ledare i idrotten. De flesta av oss har st\u00e4llt upp f\u00f6r goda v\u00e4rden. F\u00f6r j\u00e4mst\u00e4lldhet och allas r\u00e4tt att vara med, och kanske speciellt f\u00f6r dem som har kommit nya till v\u00e5rt land. Men visst har vi ocks\u00e5 hittat r\u00f6t\u00e4gg bland oss. S\u00e5 blir det i en r\u00f6relse, som \u00e4r \u00f6ppen f\u00f6r alla. Och d\u00e4r det \u00e4r s\u00e5 roligt, att s\u00e5 m\u00e5nga vill vara med.<\/p>\n\n\n\n<p>2011 var det ordinarie statsanslaget till RF och SISU drygt 1, 8 miljarder kronor. 2020 var det drygt 1, 9 miljarder kronor, f\u00f6rutom det extra \u201dcoronast\u00f6det\u201d.&nbsp;<\/p>\n\n\n\n<p>\u00d6kningen p\u00e5 futtiga 113 miljoner p\u00e5 nio \u00e4r en f\u00f6ljd av underm\u00e5ligt idrottspolitiskt arbete.&nbsp;<\/p>\n\n\n\n<p>En hastig blick i RF:s verksamhetsber\u00e4ttelser visar att m\u00e4ngder av \u201dpolitiska projekt\u201d kostar pengar. D\u00e4r hittar vi verksamhet f\u00f6r bl.a. \u201didrotter i segregerade omr\u00e5den\u201d, \u201ds\u00e4rskilda skolsatsningar\u201d, \u201detableringsst\u00f6d f\u00f6r nyanl\u00e4nda\u201d och \u201d\u00f6kad idrottsaktivitet bland de \u00e4ldre\u201d, en verksamhet som g\u00f6rs tillsammans med pension\u00e4rsorganisationerna. Min bed\u00f6mning \u00e4r att n\u00e4sta 200 miljoner kronor g\u00e5r till verksamheter som inte skulle ha blivit av, om ledarna sj\u00e4lva hade f\u00e5tt v\u00e4lja.<\/p>\n\n\n\n<p>I en motion fr\u00e5n ett antal f\u00f6rbund, med Ishockeyf\u00f6rbundet i spetsen, och med dess ordf\u00f6randen Anders Larsson som lysande talesperson f\u00f6re RF-st\u00e4mman, beskriver man el\u00e4ndet s\u00e5 h\u00e4r:<\/p>\n\n\n\n<p>\u201dSamtidigt kan noteras att antalet anst\u00e4llda i RF-delen inom RF\/SISU-distrikten under den senaste fem\u00e5rsperioden \u00f6kat med hela 68 procent. D\u00e4rtill har som sagt var de centrala personalkostnaderna inom RF i princip f\u00f6rdubblats den senaste tio\u00e5rsperioden\u201d.&nbsp;<\/p>\n\n\n\n<p>S\u00e5 beskriver f\u00f6rbunden det faktum att RF och RF\/SISU-distrikten roffar \u00e5t sig pengarna och alltmer sysslar med politiska best\u00e4llningar, medan specialf\u00f6rbunden \u00e4r i desperat behov av nya pengar f\u00f6r att utveckla sin idrott.<\/p>\n\n\n\n<p>Det \u00e4r l\u00e4tt att det h\u00e4r blir teori, funderingar p\u00e5 ett s.k. h\u00f6gre plan. Ingen har beskrivit dilemmat konkret och b\u00e4ttre, p\u00e5 idrottens gr\u00e4splan, \u00e4n Svenska Dagbladets legendariske sportchef Sune Sylv\u00e9n.&nbsp;<\/p>\n\n\n\n<p>Sune avled i september f\u00f6rra \u00e5ret. Men hans underfundiga fundering kan vi sporras av, n\u00e4r RF-st\u00e4mman har middagspaus p\u00e5 fredagskv\u00e4llen.<\/p>\n\n\n\n<p><strong>&#8221;Idrottsledarens stora dilemma&#8221;<\/strong><\/p>\n\n\n\n<p><em>Kr\u00f6nika av sportchefen&nbsp;<strong>Sune Sylv\u00e9n<\/strong>, publicerad i Svenska Dagbladet den&nbsp;12 juni 2011<\/em><\/p>\n\n\n\n<p>Det \u00e4r r\u00e4tt kompliceratatt vara idrottsledare i moderniteten. Det var antagligen l\u00e4ttare p\u00e5 Victor Balcks och punschbalernas tid. En tid som ingen vill ha tillbaka.&nbsp;<\/p>\n\n\n\n<p>H\u00e4romkv\u00e4llen kom Ludvig, 11 \u00e5r, hem fr\u00e5n fotbollstr\u00e4ningen. Pappa fr\u00e5gade om det varit kul.&nbsp;<\/p>\n\n\n\n<p>Ludvig s\u00e5g lite tveksam ut:&nbsp;<\/p>\n\n\n\n<p>\u2013 Tr\u00e4naren hade ett l\u00e5ngt papper som han hade f\u00e5tt fr\u00e5n styrelsen. Det var n\u00e5got som dom h\u00f6gsta i svenska idrotten, RF eller RFSU eller n\u00e5t, hade skrivit ihop. Och som dom ville att vi skulle f\u00f6lja.&nbsp;<\/p>\n\n\n\n<p>\u2013 Det l\u00e5ter intressant\u2026&nbsp;<\/p>\n\n\n\n<p>\u2013 Ja, f\u00f6rst pratade tr\u00e4naren om att tjejernas fotboll var lika viktig som killarnas. Vi fick inte tr\u00e4nga ut dom p\u00e5 tr\u00e4ningsplanen. Det kallades j\u00e4mst\u00e4lldhet. Schysst, tyckte vi. Men det finns ju bara gubbar i styrelsen, sa Olle.&nbsp;<\/p>\n\n\n\n<p>\u2013 Och sen?&nbsp;<\/p>\n\n\n\n<p>\u2013 S\u00e5 snackade han om hur viktig demokratin \u00e4r. N\u00e4r vi f\u00e5r r\u00f6str\u00e4tt s\u00e5 skulle vi r\u00f6sta och absolut inte p\u00e5 dom som tycker illa om invandrare. D\u00e5 b\u00f6rjade Kalle gr\u00e5ta f\u00f6r hans farsa \u00e4r med i det d\u00e4r l\u00e4skiga partiet.&nbsp;<\/p>\n\n\n\n<p>\u2013 Men det \u00e4r inte din pappa. B\u00f6rjade ni tr\u00e4na sen?&nbsp;<\/p>\n\n\n\n<p>\u2013 Nja, tr\u00e4naren sa att vi m\u00e5ste t\u00e4nka p\u00e5 att vara schyssta mot alla m\u00e4nniskor och absolut inte fick k\u00f6ra med ot\u00e4cka ramsor. Och om vi gick p\u00e5 R\u00e5sunda fick vi inte br\u00e5ka och sl\u00e5ss utan skulle ocks\u00e5 appl\u00e5dera bra grejer som motst\u00e5ndarna gjorde. Och vi fick inte skrika mot domaren, \u00e4ven om han var kass. Men p\u00e5 v\u00e5ra matcher gn\u00e4ller tr\u00e4naren alltid p\u00e5 domaren.&nbsp;<\/p>\n\n\n\n<p>\u2013 Och sedan kom bollarna ut p\u00e5 planen?&nbsp;<\/p>\n\n\n\n<p>\u2013 Sedan snackade han om vi inte skulle vara r\u00e4dda f\u00f6r att krama varandra och v\u00e5ra ledare. Om vi vann eller gjorde m\u00e5l eller s\u00e5. Men det&nbsp;fick inte bli f\u00f6r mycket kramade, d\u00e5 skulle vi direkt ber\u00e4tta f\u00f6r n\u00e5gon vuxen. Han sa n\u00e5t om en gammal h\u00f6jdhoppare som r\u00e5kat illa ut. Detta var v\u00e4ldig viktigt, sa han, men oss sk\u00e4ller han ju bara p\u00e5. Sk\u00e4rp dig, Nylund, brukar han vr\u00e5la.&nbsp;<\/p>\n\n\n\n<p>\u2013 Blev det n\u00e5got taktiksnack?&nbsp;<\/p>\n\n\n\n<p>\u2013 Tr\u00e4naren sa att alla m\u00e5ste f\u00e5 vara med n\u00e4r vi lirade. Det fanns viktigare saker \u00e4n fotboll och \u00e4ven den som inte hade bollen s\u00e4rskilt ofta borde ocks\u00e5 f\u00e5 vara med. Som Nicke allts\u00e5. Och det skulle vi andra inte gn\u00e4lla \u00f6ver, vi skulle uppmuntra dem som var s\u00e4mre. \u00c4ven om vi f\u00f6rlorade.&nbsp;<\/p>\n\n\n\n<p>\u2013 Och sen&#8230;&nbsp;<\/p>\n\n\n\n<p>\u2013 Talade han om att alla m\u00e4nniskor hade samma v\u00e4rde, svarta och vita och att rasism var det v\u00e4rsta som fanns. Det m\u00e5ste vi alla k\u00e4mpa mot.&nbsp;<\/p>\n\n\n\n<p>\u2013 Bra, grabben, men hur gick det p\u00e5 tr\u00e4ningen?&nbsp;<\/p>\n\n\n\n<p>\u2013 Det blev ingen. Tiden var ute. S\u00e5 vi gick hem.&nbsp;<\/p>\n\n\n\n<p>Har detta intr\u00e4ffat? Kanske inte, men man kan inte vara s\u00e4ker i den politiska korrekthetens tidevarv. &nbsp; &nbsp; &nbsp; &nbsp; &nbsp; &nbsp; &nbsp; &nbsp; &nbsp; &nbsp; &nbsp; &nbsp; &nbsp; &nbsp; &nbsp; &nbsp; &nbsp; &nbsp; &nbsp; &nbsp; &nbsp; &nbsp; &nbsp; &nbsp; &nbsp; &nbsp; &nbsp; &nbsp; &nbsp; &nbsp; &nbsp; &nbsp; &nbsp; &nbsp; &nbsp; &nbsp; &nbsp; &nbsp; &nbsp; &nbsp; &nbsp; &nbsp; &nbsp; &nbsp;&nbsp;<\/p>\n","protected":false},"excerpt":{"rendered":"<p>RF-st\u00e4mman har b\u00f6rjat. Nu \u00e4r det middagspaus. Under dagen har jag t\u00e4nkt extra mycket p\u00e5 en god v\u00e4n, som s\u00e5 tragiskt rycktes bort fr\u00e5n oss i h\u00f6stas. Jag \u00e5terkommer till det. I sin inledning ber\u00e4ttade RF-ordf\u00f6randen Bj\u00f6rn Eriksson en del &hellip; <a href=\"https:\/\/www.slliljegren.se\/?p=2155\">Forts\u00e4tt l\u00e4sa <span class=\"meta-nav\">&rarr;<\/span><\/a><\/p>\n","protected":false},"author":1,"featured_media":0,"comment_status":"open","ping_status":"open","sticky":false,"template":"","format":"standard","meta":{"footnotes":""},"categories":[8],"tags":[],"class_list":["post-2155","post","type-post","status-publish","format-standard","hentry","category-liljegren-om-idrott"],"_links":{"self":[{"href":"https:\/\/www.slliljegren.se\/index.php?rest_route=\/wp\/v2\/posts\/2155","targetHints":{"allow":["GET"]}}],"collection":[{"href":"https:\/\/www.slliljegren.se\/index.php?rest_route=\/wp\/v2\/posts"}],"about":[{"href":"https:\/\/www.slliljegren.se\/index.php?rest_route=\/wp\/v2\/types\/post"}],"author":[{"embeddable":true,"href":"https:\/\/www.slliljegren.se\/index.php?rest_route=\/wp\/v2\/users\/1"}],"replies":[{"embeddable":true,"href":"https:\/\/www.slliljegren.se\/index.php?rest_route=%2Fwp%2Fv2%2Fcomments&post=2155"}],"version-history":[{"count":1,"href":"https:\/\/www.slliljegren.se\/index.php?rest_route=\/wp\/v2\/posts\/2155\/revisions"}],"predecessor-version":[{"id":2156,"href":"https:\/\/www.slliljegren.se\/index.php?rest_route=\/wp\/v2\/posts\/2155\/revisions\/2156"}],"wp:attachment":[{"href":"https:\/\/www.slliljegren.se\/index.php?rest_route=%2Fwp%2Fv2%2Fmedia&parent=2155"}],"wp:term":[{"taxonomy":"category","embeddable":true,"href":"https:\/\/www.slliljegren.se\/index.php?rest_route=%2Fwp%2Fv2%2Fcategories&post=2155"},{"taxonomy":"post_tag","embeddable":true,"href":"https:\/\/www.slliljegren.se\/index.php?rest_route=%2Fwp%2Fv2%2Ftags&post=2155"}],"curies":[{"name":"wp","href":"https:\/\/api.w.org\/{rel}","templated":true}]}}