{"id":2397,"date":"2024-02-06T09:23:02","date_gmt":"2024-02-06T09:23:02","guid":{"rendered":"https:\/\/www.slliljegren.se\/?p=2397"},"modified":"2024-02-06T09:23:02","modified_gmt":"2024-02-06T09:23:02","slug":"visdomsord-fran-nya-rf-basen","status":"publish","type":"post","link":"https:\/\/www.slliljegren.se\/?p=2397","title":{"rendered":"Visdomsord fr\u00e5n nya RF-basen"},"content":{"rendered":"\n<p>Den 23 januari fick Sveriges i s\u00e4rklass st\u00f6rsta och mest levande folkr\u00f6relse en ny ordf\u00f6rande.<\/p>\n\n\n\n<p>Anna Iwarsson valdes enh\u00e4lligt, sedan Karl-Erik Nilsson hade tvingats avg\u00e5. Trist p\u00e5 m\u00e5nga s\u00e4tt, att Karl-Erik aldrig fick komma in i jobbet. Men det \u00e4r en tr\u00f6st att den genuine idrottsledaren eftertr\u00e4ds av en annan med en imponerande meritlista. Det \u00e4r ju inte alltid svensk idrott har haft meriterade idrottsledare i den yttersta ledningen.<\/p>\n\n\n\n<p>Hemkommen efter en utlandsresa under RF-st\u00e4mman har jag f\u00f6rg\u00e4ves letat i tidningar efter kommentarer om den nya ordf\u00f6randens \u201dinstallationstal\u201d. Men det verkar ha f\u00f6rbig\u00e5tts med tystnad. Det \u00e4r synd. Det var ett fint tal med inspirerande exempel fr\u00e5n idrottens vardag. Och vad en RF-ordf\u00f6rande s\u00e4ger och g\u00f6r \u00e4r viktigt f\u00f6r hela landet.<\/p>\n\n\n\n<p><strong>Ger tillbaka tio g\u00e5nger statsst\u00f6det!<\/strong><\/p>\n\n\n\n<p>Det viktigaste budskapet till de politiska f\u00f6rsamlingarna var att\u00a0<em>\u201dvi bedriver inte idrott i alla dess former f\u00f6r att g\u00f6ra samh\u00e4llet b\u00e4ttre. Nej vi h\u00e5ller p\u00e5 f\u00f6r att idrottandet har ett egenv\u00e4rde.\u201d\u00a0<\/em>Samtidigt ber\u00e4ttade hon, att\u00a0<em>\u201dom idrottsledarnas insatser skulle avl\u00f6nas som en fritidsledare skulle det kosta 20 miljarder per \u00e5r.\u201d<\/em>\u00a0Det kan j\u00e4mf\u00f6ras med det statliga st\u00f6det till idrotten p\u00e5 ca 2 miljarder per \u00e5r. Idrottens ideella ledare ger tillbaka tio g\u00e5nger statsst\u00f6det!<\/p>\n\n\n\n<p><em>\u201dDet statliga st\u00f6det till idrotten m\u00e5ste h\u00f6jas\u201d,<\/em>&nbsp;sa Anna Iwarsson.&nbsp;<\/p>\n\n\n\n<p>S\u00e5 sant. D\u00e4r har tidigare riksidrottsstyrelser, d\u00e4r Anna sj\u00e4lv har varit med, misslyckats rej\u00e4lt.&nbsp;2008 var det statliga st\u00f6det till idrotten (inkl. SISU) 1&nbsp;982 miljoner. Och det senaste beskedet fr\u00e5n regeringen, i st\u00e4llet f\u00f6r kraftigt h\u00f6jt st\u00f6d, var att ett s.k. fritidskort skulle inf\u00f6ras f\u00f6r att g\u00f6ra det m\u00f6jligt f\u00f6r barn och unga att delta i fritidsaktiviteter, utan att hush\u00e5llsekonomin skulle drabbas s\u00e5 h\u00e5rt. En god ambition. Men det f\u00e5r aldrig bli ett alternativ till statens grundst\u00f6d, som bl.a. f\u00f6rdelas till de alltmer ekonomiskt utsatta specialf\u00f6rbunden.<\/p>\n\n\n\n<p><strong>S\u00e5 behandlas f\u00f6rebilderna<\/strong><\/p>\n\n\n\n<p>St\u00f6det till elitidrotten hade ocks\u00e5 en stor plats i talet.&nbsp;<\/p>\n\n\n\n<p>N\u00e4stan var femte olympier lever under existensminimum, ingen sjukpenninggrundande inkomst, inga pensionspo\u00e4ng.&nbsp;<em>\u201dDet \u00e4r inte v\u00e4rdigt ett v\u00e4lf\u00e4rdssamh\u00e4lle som Sverige att v\u00e5ra f\u00f6rebilder som ger stolthet, gl\u00e4dje och underh\u00e5llning till s\u00e5 m\u00e5nga inte kan betala hyra och mat utan att f\u00f6r\u00e4ldrarna hj\u00e4lper till. Det h\u00e4r m\u00e5ste det bli en \u00e4ndring p\u00e5\u201d,<\/em>&nbsp;sa den nyvalda RS-ordf\u00f6randen.<\/p>\n\n\n\n<p>En kraftfull satsning p\u00e5 att kombinera elitidrott med h\u00f6gskole- och universitetsstudier st\u00e5r ocks\u00e5 p\u00e5 \u00f6nskelistan liksom att v\u00e4cka de gamla idrottsplutonerna till liv.&nbsp;<em>\u201dDet skulle vara vinn-vinn f\u00f6r b\u00e5de idrottsr\u00f6relsen och f\u00f6rsvaret\u201d,<\/em>&nbsp;som Anna Iwarsson uttryckte det.<\/p>\n\n\n\n<p>Elitidrotten beh\u00f6ver mer resurser \u00e4n idag.&nbsp;<em>\u201d100 miljoner fr\u00e5n staten och 100 miljoner fr\u00e5n n\u00e4ringslivet \u00e4r det minsta\u201d,<\/em>&nbsp;var en modig formulering i en tid, n\u00e4r statens resurser i allt st\u00f6rre utstr\u00e4ckning har skickats i v\u00e4g till politiskt konstruerade idrottsprojekt.&nbsp;<\/p>\n\n\n\n<p>Det viktigaste budskapet till de politiska f\u00f6retr\u00e4darna var att&nbsp;<em>\u201dvi m\u00e5ste f\u00e5 till en rej\u00e4l satsning p\u00e5 idrottsanl\u00e4ggningar och idrottsmilj\u00f6er. Vi vet att var fj\u00e4rde f\u00f6rening inte kan ta emot alla som vill idrotta p\u00e5 grund av brist p\u00e5 plats\u201d,<\/em>&nbsp;sa Anna, och efterlyste en statlig anl\u00e4ggningsfond, g\u00e4rna med den danska fonden som f\u00f6rebild.<\/p>\n\n\n\n<p>Om detta har det nu blivit en politisk tr\u00e4ta.&nbsp;<\/p>\n\n\n\n<p><strong>Vem f\u00e5r pengarna?<\/strong><\/p>\n\n\n\n<p>Under 2023 fanns 50 miljoner kronor avsatta f\u00f6r att ta fram n\u00f6dv\u00e4ndig infrastruktur f\u00f6r inf\u00f6randet av ett fritidskort till barn och unga, skriver regeringen i ett meddelande.<\/p>\n\n\n\n<p>Under 2024 ber\u00e4knas 731 miljoner kronor avs\u00e4ttas f\u00f6r att inf\u00f6ra reformen med fritidskort. Och fr\u00e5n och med 2025 ber\u00e4knas \u00e5rligen 792 miljoner kronor avs\u00e4ttas f\u00f6r samma \u00e4ndam\u00e5l.<\/p>\n\n\n\n<p>Men ingen vet \u00e4nnu hur det \u00e4r t\u00e4nkt att fungera. Vem ska f\u00e5 pengarna? Familjerna? F\u00f6reningarna?&nbsp;<\/p>\n\n\n\n<p>Socialdemokraterna f\u00f6resl\u00e5r nu att medlen som avsatts f\u00f6r 2024 till regeringens satsning p\u00e5 ett fritidskort i st\u00e4llet nyttjas till en satsning p\u00e5 idrottsanl\u00e4ggningar och idrottsplatser.&nbsp;<\/p>\n\n\n\n<p>Inf\u00f6randet av fritidskortet var planerat till b\u00f6rjan av 2024 men har skjutits fram till 2025. Socialdemokraternas f\u00f6retr\u00e4dare pekade under presstr\u00e4ffen p\u00e5 de stora behov som idrottsr\u00f6relsen under l\u00e5ng tid har uppm\u00e4rksammat, att det kr\u00e4vs mer plats f\u00f6r idrott.<\/p>\n\n\n\n<p>Den som delar 731 miljoner med antalet kommuner (290) ser, att det blir 2, 5 miljoner till varje kommun. En s\u00e5dan fj\u00e4rt i universum l\u00f6ser inte idrottens anl\u00e4ggningsproblem. Men m\u00f6jligen kan det kallas en god b\u00f6rjan, som d\u00e5 urholkar grundst\u00f6det till RF och till f\u00f6rbunden.<\/p>\n\n\n\n<p>H\u00e4r har Anna, och hela Riksidrottsstyrelsen, ett stort jobb att g\u00f6ra.<\/p>\n\n\n\n<p>Tillbaka till inledningen.<\/p>\n\n\n\n<p>Riksidrotten har f\u00e5tt en ordf\u00f6rande som har idrotten i blodet och som har stora f\u00f6ruts\u00e4ttningar att \u00e5terigen samla landets st\u00f6rsta folkr\u00f6relse omkring gemensamma m\u00e5l.<\/p>\n\n\n\n<p>Hennes erfarenhet som f\u00f6rbundsordf\u00f6rande i Gymnastikf\u00f6rbundet och som styrelseledamot i Stockholms Idrottsf\u00f6rbund (RF-SISU Stockholm som det kallas nuf\u00f6rtiden) ger henne extra goda m\u00f6jligheter att bl.a. tv\u00e4tta bort centraliserings- och myndighetsst\u00e4mpeln fr\u00e5n RF.&nbsp;<\/p>\n\n\n\n<p><em>\u201dMitt l\u00f6fte till er \u00e4r att h\u00e5lla ihop idrottsr\u00f6relsen. RF och SISU ska vara ett st\u00f6d till er och f\u00f6reningarna p\u00e5 det s\u00e4tt som ni \u00f6nskar,\u201d&nbsp;<\/em>sa den nyvalda ordf\u00f6randen<em>.<\/em><\/p>\n\n\n\n<p>Ljuv musik f\u00f6r den som \u00e4r \u00f6vertygad om att idrottsr\u00f6relsens styrka \u00e4r bredden, det lokala engagemanget och egenv\u00e4rdet som ger merv\u00e4rden f\u00f6r samh\u00e4llet.<\/p>\n","protected":false},"excerpt":{"rendered":"<p>Den 23 januari fick Sveriges i s\u00e4rklass st\u00f6rsta och mest levande folkr\u00f6relse en ny ordf\u00f6rande. Anna Iwarsson valdes enh\u00e4lligt, sedan Karl-Erik Nilsson hade tvingats avg\u00e5. Trist p\u00e5 m\u00e5nga s\u00e4tt, att Karl-Erik aldrig fick komma in i jobbet. Men det \u00e4r &hellip; <a href=\"https:\/\/www.slliljegren.se\/?p=2397\">Forts\u00e4tt l\u00e4sa <span class=\"meta-nav\">&rarr;<\/span><\/a><\/p>\n","protected":false},"author":1,"featured_media":0,"comment_status":"open","ping_status":"open","sticky":false,"template":"","format":"standard","meta":{"footnotes":""},"categories":[8],"tags":[],"class_list":["post-2397","post","type-post","status-publish","format-standard","hentry","category-liljegren-om-idrott"],"_links":{"self":[{"href":"https:\/\/www.slliljegren.se\/index.php?rest_route=\/wp\/v2\/posts\/2397","targetHints":{"allow":["GET"]}}],"collection":[{"href":"https:\/\/www.slliljegren.se\/index.php?rest_route=\/wp\/v2\/posts"}],"about":[{"href":"https:\/\/www.slliljegren.se\/index.php?rest_route=\/wp\/v2\/types\/post"}],"author":[{"embeddable":true,"href":"https:\/\/www.slliljegren.se\/index.php?rest_route=\/wp\/v2\/users\/1"}],"replies":[{"embeddable":true,"href":"https:\/\/www.slliljegren.se\/index.php?rest_route=%2Fwp%2Fv2%2Fcomments&post=2397"}],"version-history":[{"count":1,"href":"https:\/\/www.slliljegren.se\/index.php?rest_route=\/wp\/v2\/posts\/2397\/revisions"}],"predecessor-version":[{"id":2398,"href":"https:\/\/www.slliljegren.se\/index.php?rest_route=\/wp\/v2\/posts\/2397\/revisions\/2398"}],"wp:attachment":[{"href":"https:\/\/www.slliljegren.se\/index.php?rest_route=%2Fwp%2Fv2%2Fmedia&parent=2397"}],"wp:term":[{"taxonomy":"category","embeddable":true,"href":"https:\/\/www.slliljegren.se\/index.php?rest_route=%2Fwp%2Fv2%2Fcategories&post=2397"},{"taxonomy":"post_tag","embeddable":true,"href":"https:\/\/www.slliljegren.se\/index.php?rest_route=%2Fwp%2Fv2%2Ftags&post=2397"}],"curies":[{"name":"wp","href":"https:\/\/api.w.org\/{rel}","templated":true}]}}